{"id":5432,"date":"2021-03-11T11:02:21","date_gmt":"2021-03-11T16:02:21","guid":{"rendered":"https:\/\/www.batirente.com\/?p=5432"},"modified":"2021-03-11T11:20:24","modified_gmt":"2021-03-11T16:20:24","slug":"new-chair-of-the-board-of-directors-for-batirente","status":"publish","type":"post","link":"https:\/\/www.batirente.com\/en\/new-chair-of-the-board-of-directors-for-batirente\/","title":{"rendered":"New Chair of the Board of Directors for B\u00e2tirente"},"content":{"rendered":"<p><strong>Montreal, March 11, 2021<\/strong> \u2013 B\u00e2tirente announced today that its Board of Directors has elected Yvan Duceppe, Treasurer of the <em>Conf\u00e9d\u00e9ration des syndicaux nationaux<\/em> (CSN), as its Chair. Mr. Duceppe succeeds Pierre Patry, former Treasurer of the CSN, now retired, who chaired B\u00e2tirente\u2019s Board of Directors for 17 years.<\/p>\n<p>\u201cElected for the first time in March 2004, Pierre Patry has strongly supported the actions and initiatives that make B\u00e2tirente a leader today. He has also championed and defended environmental and sustainable development causes, both at the CSN and at B\u00e2tirente,\u201d said Mr. Duceppe. \u201cIt is an honour to succeed him.\u201d<\/p>\n<p>For his part, Mr. Patry says that \u201cit is with a sense of pride and fulfillment of duty that I step down as Chair of B\u00e2tirente. Today, our corporation is a strong, responsible and solid retirement system for our 23,000 CSN affiliated members.\u201d He concluded with these words: \u201cI know that my successor, Yvan Duceppe, also has our fiduciary responsibility to our members at heart and that he will ensure the continued success of B\u00e2tirente.\u201d<\/p>\n<p>Yvan Duceppe was elected to the CSN treasury in January 2021 at its 66<sup>th<\/sup> Congress. Activist for 26 years, he was elected to the treasury of the CSN\u2019s <em>F\u00e9d\u00e9ration des professionn\u00e8les<\/em> in 2000. The new Chair graduated from the <em>\u00c9cole des hautes \u00e9tudes commerciales de Montr\u00e9al<\/em> in Business Administration, with a concentration in Public Accounting and Finance. In addition, he holds the professional title of CPA. Since 1991, he has held the position of Finance and Administration Advisor at MCE Conseils. Since 2007, he has sat as an external member of the Board of Directors on B\u00e2tirente\u2019s audit committee. To learn more about Mr. Duceppe, <a href=\"https:\/\/www.csn.qc.ca\/actualites\/yvan-duceppe-tresorier-aux-strategies-solidaires\/\">see his portrait<\/a>.<\/p>\n<p><strong>About B\u00e2tirente<\/strong><br \/>\nB\u00e2tirente is a group retirement system created in 1987 at the initiative of the CSN. It allows 23,000 workers, grouped in 300 labour unions, to benefit from pension plans tailored to their needs by pooling their savings.<\/p>\n<p>A pioneer in responsible investing in Quebec, B\u00e2tirente believes that actively managing its investee companies\u2019 environmental, social and governance (ESG) risks helps ensure long-term economic and social development, as well as sound capitalization of the pension plan, which are both required for sustainable financial performance.<\/p>\n<p><strong>For information<br \/>\n<\/strong><\/p>\n<p>Katya Vanbeselaere<br \/>\nCommunications and Marketing Manager<br \/>\n514 525-5740 ext. 2425<br \/>\n<a href=\"mailto:kv@batirente.com\">kv@batirente.com<\/a><\/p>\n<p><strong>\u00a0<\/strong><\/p>\n<p><strong>\u00a0<\/strong><\/p>\n<p><strong>\u00a0<\/strong><\/p>\n","protected":false},"excerpt":{"rendered":"<p>B\u00e2tirente announced today that its Board of Directors has elected Yvan Duceppe, Treasurer of the Conf\u00e9d\u00e9ration des syndicaux nationaux (CSN), as its Chair. Mr. Duceppe succeeds Pierre Patry, former Treasurer of the CSN, now retired, who chaired B\u00e2tirente\u2019s Board of Directors for 17 years.<\/p>\n","protected":false},"author":4,"featured_media":5440,"comment_status":"closed","ping_status":"closed","sticky":false,"template":"","format":"standard","meta":{"_acf_changed":false,"_et_pb_use_builder":"","_et_pb_old_content":"","_et_gb_content_width":"","inline_featured_image":false,"footnotes":""},"categories":[74,61],"tags":[],"class_list":["post-5432","post","type-post","status-publish","format-standard","has-post-thumbnail","hentry","category-news","category-press-releases"],"acf":[],"yoast_head":"<!-- This site is optimized with the Yoast SEO plugin v27.3 - https:\/\/yoast.com\/product\/yoast-seo-wordpress\/ -->\n<title>New Chair of the Board of Directors for B\u00e2tirente - B\u00e2tirente<\/title>\n<meta name=\"robots\" content=\"index, follow, max-snippet:-1, max-image-preview:large, max-video-preview:-1\" \/>\n<link rel=\"canonical\" href=\"https:\/\/www.batirente.com\/en\/new-chair-of-the-board-of-directors-for-batirente\/\" \/>\n<meta property=\"og:locale\" content=\"en_US\" \/>\n<meta property=\"og:type\" content=\"article\" \/>\n<meta property=\"og:title\" content=\"New Chair of the Board of Directors for B\u00e2tirente - B\u00e2tirente\" \/>\n<meta property=\"og:description\" content=\"B\u00e2tirente announced today that its Board of Directors has elected Yvan Duceppe, Treasurer of the Conf\u00e9d\u00e9ration des syndicaux nationaux (CSN), as its Chair. Mr. Duceppe succeeds Pierre Patry, former Treasurer of the CSN, now retired, who chaired B\u00e2tirente\u2019s Board of Directors for 17 years.\" \/>\n<meta property=\"og:url\" content=\"https:\/\/www.batirente.com\/en\/new-chair-of-the-board-of-directors-for-batirente\/\" \/>\n<meta property=\"og:site_name\" content=\"B\u00e2tirente\" \/>\n<meta property=\"article:publisher\" content=\"https:\/\/www.facebook.com\/batirente\/\" \/>\n<meta property=\"article:published_time\" content=\"2021-03-11T16:02:21+00:00\" \/>\n<meta property=\"article:modified_time\" content=\"2021-03-11T16:20:24+00:00\" \/>\n<meta property=\"og:image\" content=\"https:\/\/www.batirente.com\/wp-content\/uploads\/2021\/03\/Banner-2000x400_2-scaled.jpg\" \/>\n\t<meta property=\"og:image:width\" content=\"2560\" \/>\n\t<meta property=\"og:image:height\" content=\"512\" \/>\n\t<meta property=\"og:image:type\" content=\"image\/jpeg\" \/>\n<meta name=\"author\" content=\"B\u00e2tirente\" \/>\n<meta name=\"twitter:card\" content=\"summary_large_image\" \/>\n<meta name=\"twitter:creator\" content=\"@Batirente\" \/>\n<meta name=\"twitter:site\" content=\"@Batirente\" \/>\n<meta name=\"twitter:label1\" content=\"Written by\" \/>\n\t<meta name=\"twitter:data1\" content=\"B\u00e2tirente\" \/>\n\t<meta name=\"twitter:label2\" content=\"Est. reading time\" \/>\n\t<meta name=\"twitter:data2\" content=\"2 minutes\" \/>\n<script type=\"application\/ld+json\" class=\"yoast-schema-graph\">{\"@context\":\"https:\\\/\\\/schema.org\",\"@graph\":[{\"@type\":\"Article\",\"@id\":\"https:\\\/\\\/www.batirente.com\\\/en\\\/new-chair-of-the-board-of-directors-for-batirente\\\/#article\",\"isPartOf\":{\"@id\":\"https:\\\/\\\/www.batirente.com\\\/en\\\/new-chair-of-the-board-of-directors-for-batirente\\\/\"},\"author\":{\"name\":\"B\u00e2tirente\",\"@id\":\"https:\\\/\\\/www.batirente.com\\\/#\\\/schema\\\/person\\\/b4b3fd742d0864b1c7ec75612c810152\"},\"headline\":\"New Chair of the Board of Directors for B\u00e2tirente\",\"datePublished\":\"2021-03-11T16:02:21+00:00\",\"dateModified\":\"2021-03-11T16:20:24+00:00\",\"mainEntityOfPage\":{\"@id\":\"https:\\\/\\\/www.batirente.com\\\/en\\\/new-chair-of-the-board-of-directors-for-batirente\\\/\"},\"wordCount\":395,\"publisher\":{\"@id\":\"https:\\\/\\\/www.batirente.com\\\/#organization\"},\"image\":{\"@id\":\"https:\\\/\\\/www.batirente.com\\\/en\\\/new-chair-of-the-board-of-directors-for-batirente\\\/#primaryimage\"},\"thumbnailUrl\":\"https:\\\/\\\/www.batirente.com\\\/wp-content\\\/uploads\\\/2021\\\/03\\\/Banner-2000x400_2-scaled.jpg\",\"articleSection\":[\"News\",\"Press Releases\"],\"inLanguage\":\"en-US\"},{\"@type\":\"WebPage\",\"@id\":\"https:\\\/\\\/www.batirente.com\\\/en\\\/new-chair-of-the-board-of-directors-for-batirente\\\/\",\"url\":\"https:\\\/\\\/www.batirente.com\\\/en\\\/new-chair-of-the-board-of-directors-for-batirente\\\/\",\"name\":\"New Chair of the Board of Directors for B\u00e2tirente - B\u00e2tirente\",\"isPartOf\":{\"@id\":\"https:\\\/\\\/www.batirente.com\\\/#website\"},\"primaryImageOfPage\":{\"@id\":\"https:\\\/\\\/www.batirente.com\\\/en\\\/new-chair-of-the-board-of-directors-for-batirente\\\/#primaryimage\"},\"image\":{\"@id\":\"https:\\\/\\\/www.batirente.com\\\/en\\\/new-chair-of-the-board-of-directors-for-batirente\\\/#primaryimage\"},\"thumbnailUrl\":\"https:\\\/\\\/www.batirente.com\\\/wp-content\\\/uploads\\\/2021\\\/03\\\/Banner-2000x400_2-scaled.jpg\",\"datePublished\":\"2021-03-11T16:02:21+00:00\",\"dateModified\":\"2021-03-11T16:20:24+00:00\",\"breadcrumb\":{\"@id\":\"https:\\\/\\\/www.batirente.com\\\/en\\\/new-chair-of-the-board-of-directors-for-batirente\\\/#breadcrumb\"},\"inLanguage\":\"en-US\",\"potentialAction\":[{\"@type\":\"ReadAction\",\"target\":[\"https:\\\/\\\/www.batirente.com\\\/en\\\/new-chair-of-the-board-of-directors-for-batirente\\\/\"]}]},{\"@type\":\"ImageObject\",\"inLanguage\":\"en-US\",\"@id\":\"https:\\\/\\\/www.batirente.com\\\/en\\\/new-chair-of-the-board-of-directors-for-batirente\\\/#primaryimage\",\"url\":\"https:\\\/\\\/www.batirente.com\\\/wp-content\\\/uploads\\\/2021\\\/03\\\/Banner-2000x400_2-scaled.jpg\",\"contentUrl\":\"https:\\\/\\\/www.batirente.com\\\/wp-content\\\/uploads\\\/2021\\\/03\\\/Banner-2000x400_2-scaled.jpg\",\"width\":2560,\"height\":512},{\"@type\":\"BreadcrumbList\",\"@id\":\"https:\\\/\\\/www.batirente.com\\\/en\\\/new-chair-of-the-board-of-directors-for-batirente\\\/#breadcrumb\",\"itemListElement\":[{\"@type\":\"ListItem\",\"position\":1,\"name\":\"Accueil\",\"item\":\"https:\\\/\\\/www.batirente.com\\\/en\\\/\"},{\"@type\":\"ListItem\",\"position\":2,\"name\":\"New Chair of the Board of Directors for B\u00e2tirente\"}]},{\"@type\":\"WebSite\",\"@id\":\"https:\\\/\\\/www.batirente.com\\\/#website\",\"url\":\"https:\\\/\\\/www.batirente.com\\\/\",\"name\":\"B\u00e2tirente\",\"description\":\"Ma retraite. Notre force.\",\"publisher\":{\"@id\":\"https:\\\/\\\/www.batirente.com\\\/#organization\"},\"potentialAction\":[{\"@type\":\"SearchAction\",\"target\":{\"@type\":\"EntryPoint\",\"urlTemplate\":\"https:\\\/\\\/www.batirente.com\\\/?s={search_term_string}\"},\"query-input\":{\"@type\":\"PropertyValueSpecification\",\"valueRequired\":true,\"valueName\":\"search_term_string\"}}],\"inLanguage\":\"en-US\"},{\"@type\":\"Organization\",\"@id\":\"https:\\\/\\\/www.batirente.com\\\/#organization\",\"name\":\"B\u00e2tirente\",\"url\":\"https:\\\/\\\/www.batirente.com\\\/\",\"logo\":{\"@type\":\"ImageObject\",\"inLanguage\":\"en-US\",\"@id\":\"https:\\\/\\\/www.batirente.com\\\/#\\\/schema\\\/logo\\\/image\\\/\",\"url\":\"https:\\\/\\\/www.batirente.com\\\/wp-content\\\/uploads\\\/2019\\\/01\\\/2017-logo.jpg\",\"contentUrl\":\"https:\\\/\\\/www.batirente.com\\\/wp-content\\\/uploads\\\/2019\\\/01\\\/2017-logo.jpg\",\"width\":750,\"height\":450,\"caption\":\"B\u00e2tirente\"},\"image\":{\"@id\":\"https:\\\/\\\/www.batirente.com\\\/#\\\/schema\\\/logo\\\/image\\\/\"},\"sameAs\":[\"https:\\\/\\\/www.facebook.com\\\/batirente\\\/\",\"https:\\\/\\\/x.com\\\/Batirente\",\"https:\\\/\\\/www.linkedin.com\\\/company\\\/batirente\"]},{\"@type\":\"Person\",\"@id\":\"https:\\\/\\\/www.batirente.com\\\/#\\\/schema\\\/person\\\/b4b3fd742d0864b1c7ec75612c810152\",\"name\":\"B\u00e2tirente\"}]}<\/script>\n<!-- \/ Yoast SEO plugin. -->","yoast_head_json":{"title":"New Chair of the Board of Directors for B\u00e2tirente - B\u00e2tirente","robots":{"index":"index","follow":"follow","max-snippet":"max-snippet:-1","max-image-preview":"max-image-preview:large","max-video-preview":"max-video-preview:-1"},"canonical":"https:\/\/www.batirente.com\/en\/new-chair-of-the-board-of-directors-for-batirente\/","og_locale":"en_US","og_type":"article","og_title":"New Chair of the Board of Directors for B\u00e2tirente - B\u00e2tirente","og_description":"B\u00e2tirente announced today that its Board of Directors has elected Yvan Duceppe, Treasurer of the Conf\u00e9d\u00e9ration des syndicaux nationaux (CSN), as its Chair. Mr. Duceppe succeeds Pierre Patry, former Treasurer of the CSN, now retired, who chaired B\u00e2tirente\u2019s Board of Directors for 17 years.","og_url":"https:\/\/www.batirente.com\/en\/new-chair-of-the-board-of-directors-for-batirente\/","og_site_name":"B\u00e2tirente","article_publisher":"https:\/\/www.facebook.com\/batirente\/","article_published_time":"2021-03-11T16:02:21+00:00","article_modified_time":"2021-03-11T16:20:24+00:00","og_image":[{"width":2560,"height":512,"url":"https:\/\/www.batirente.com\/wp-content\/uploads\/2021\/03\/Banner-2000x400_2-scaled.jpg","type":"image\/jpeg"}],"author":"B\u00e2tirente","twitter_card":"summary_large_image","twitter_creator":"@Batirente","twitter_site":"@Batirente","twitter_misc":{"Written by":"B\u00e2tirente","Est. reading time":"2 minutes"},"schema":{"@context":"https:\/\/schema.org","@graph":[{"@type":"Article","@id":"https:\/\/www.batirente.com\/en\/new-chair-of-the-board-of-directors-for-batirente\/#article","isPartOf":{"@id":"https:\/\/www.batirente.com\/en\/new-chair-of-the-board-of-directors-for-batirente\/"},"author":{"name":"B\u00e2tirente","@id":"https:\/\/www.batirente.com\/#\/schema\/person\/b4b3fd742d0864b1c7ec75612c810152"},"headline":"New Chair of the Board of Directors for B\u00e2tirente","datePublished":"2021-03-11T16:02:21+00:00","dateModified":"2021-03-11T16:20:24+00:00","mainEntityOfPage":{"@id":"https:\/\/www.batirente.com\/en\/new-chair-of-the-board-of-directors-for-batirente\/"},"wordCount":395,"publisher":{"@id":"https:\/\/www.batirente.com\/#organization"},"image":{"@id":"https:\/\/www.batirente.com\/en\/new-chair-of-the-board-of-directors-for-batirente\/#primaryimage"},"thumbnailUrl":"https:\/\/www.batirente.com\/wp-content\/uploads\/2021\/03\/Banner-2000x400_2-scaled.jpg","articleSection":["News","Press Releases"],"inLanguage":"en-US"},{"@type":"WebPage","@id":"https:\/\/www.batirente.com\/en\/new-chair-of-the-board-of-directors-for-batirente\/","url":"https:\/\/www.batirente.com\/en\/new-chair-of-the-board-of-directors-for-batirente\/","name":"New Chair of the Board of Directors for B\u00e2tirente - B\u00e2tirente","isPartOf":{"@id":"https:\/\/www.batirente.com\/#website"},"primaryImageOfPage":{"@id":"https:\/\/www.batirente.com\/en\/new-chair-of-the-board-of-directors-for-batirente\/#primaryimage"},"image":{"@id":"https:\/\/www.batirente.com\/en\/new-chair-of-the-board-of-directors-for-batirente\/#primaryimage"},"thumbnailUrl":"https:\/\/www.batirente.com\/wp-content\/uploads\/2021\/03\/Banner-2000x400_2-scaled.jpg","datePublished":"2021-03-11T16:02:21+00:00","dateModified":"2021-03-11T16:20:24+00:00","breadcrumb":{"@id":"https:\/\/www.batirente.com\/en\/new-chair-of-the-board-of-directors-for-batirente\/#breadcrumb"},"inLanguage":"en-US","potentialAction":[{"@type":"ReadAction","target":["https:\/\/www.batirente.com\/en\/new-chair-of-the-board-of-directors-for-batirente\/"]}]},{"@type":"ImageObject","inLanguage":"en-US","@id":"https:\/\/www.batirente.com\/en\/new-chair-of-the-board-of-directors-for-batirente\/#primaryimage","url":"https:\/\/www.batirente.com\/wp-content\/uploads\/2021\/03\/Banner-2000x400_2-scaled.jpg","contentUrl":"https:\/\/www.batirente.com\/wp-content\/uploads\/2021\/03\/Banner-2000x400_2-scaled.jpg","width":2560,"height":512},{"@type":"BreadcrumbList","@id":"https:\/\/www.batirente.com\/en\/new-chair-of-the-board-of-directors-for-batirente\/#breadcrumb","itemListElement":[{"@type":"ListItem","position":1,"name":"Accueil","item":"https:\/\/www.batirente.com\/en\/"},{"@type":"ListItem","position":2,"name":"New Chair of the Board of Directors for B\u00e2tirente"}]},{"@type":"WebSite","@id":"https:\/\/www.batirente.com\/#website","url":"https:\/\/www.batirente.com\/","name":"B\u00e2tirente","description":"Ma retraite. Notre force.","publisher":{"@id":"https:\/\/www.batirente.com\/#organization"},"potentialAction":[{"@type":"SearchAction","target":{"@type":"EntryPoint","urlTemplate":"https:\/\/www.batirente.com\/?s={search_term_string}"},"query-input":{"@type":"PropertyValueSpecification","valueRequired":true,"valueName":"search_term_string"}}],"inLanguage":"en-US"},{"@type":"Organization","@id":"https:\/\/www.batirente.com\/#organization","name":"B\u00e2tirente","url":"https:\/\/www.batirente.com\/","logo":{"@type":"ImageObject","inLanguage":"en-US","@id":"https:\/\/www.batirente.com\/#\/schema\/logo\/image\/","url":"https:\/\/www.batirente.com\/wp-content\/uploads\/2019\/01\/2017-logo.jpg","contentUrl":"https:\/\/www.batirente.com\/wp-content\/uploads\/2019\/01\/2017-logo.jpg","width":750,"height":450,"caption":"B\u00e2tirente"},"image":{"@id":"https:\/\/www.batirente.com\/#\/schema\/logo\/image\/"},"sameAs":["https:\/\/www.facebook.com\/batirente\/","https:\/\/x.com\/Batirente","https:\/\/www.linkedin.com\/company\/batirente"]},{"@type":"Person","@id":"https:\/\/www.batirente.com\/#\/schema\/person\/b4b3fd742d0864b1c7ec75612c810152","name":"B\u00e2tirente"}]}},"_links":{"self":[{"href":"https:\/\/www.batirente.com\/en\/wp-json\/wp\/v2\/posts\/5432","targetHints":{"allow":["GET"]}}],"collection":[{"href":"https:\/\/www.batirente.com\/en\/wp-json\/wp\/v2\/posts"}],"about":[{"href":"https:\/\/www.batirente.com\/en\/wp-json\/wp\/v2\/types\/post"}],"author":[{"embeddable":true,"href":"https:\/\/www.batirente.com\/en\/wp-json\/wp\/v2\/users\/4"}],"replies":[{"embeddable":true,"href":"https:\/\/www.batirente.com\/en\/wp-json\/wp\/v2\/comments?post=5432"}],"version-history":[{"count":0,"href":"https:\/\/www.batirente.com\/en\/wp-json\/wp\/v2\/posts\/5432\/revisions"}],"wp:featuredmedia":[{"embeddable":true,"href":"https:\/\/www.batirente.com\/en\/wp-json\/wp\/v2\/media\/5440"}],"wp:attachment":[{"href":"https:\/\/www.batirente.com\/en\/wp-json\/wp\/v2\/media?parent=5432"}],"wp:term":[{"taxonomy":"category","embeddable":true,"href":"https:\/\/www.batirente.com\/en\/wp-json\/wp\/v2\/categories?post=5432"},{"taxonomy":"post_tag","embeddable":true,"href":"https:\/\/www.batirente.com\/en\/wp-json\/wp\/v2\/tags?post=5432"}],"curies":[{"name":"wp","href":"https:\/\/api.w.org\/{rel}","templated":true}]}}