{"id":6470,"date":"2021-09-15T10:59:24","date_gmt":"2021-09-15T14:59:24","guid":{"rendered":"https:\/\/www.batirente.com\/?p=6470"},"modified":"2021-10-13T12:01:32","modified_gmt":"2021-10-13T16:01:32","slug":"batirente-announces-leadership-transition","status":"publish","type":"post","link":"https:\/\/www.batirente.com\/en\/batirente-announces-leadership-transition\/","title":{"rendered":"B\u00e2tirente announces leadership transition"},"content":{"rendered":"<p><strong>Montr\u00e9al, September 15, 2021<\/strong> \u2013 After more than 25 years as the Chief Executive Officer of B\u00e2tirente, Daniel Simard has confirmed to its Board of Directors his intention to retire. \u00c9ric Filion, Chief Operating Officer for the organization, has been appointed to take over as CEO. His appointment will be effective October\u00a06. To ensure a smooth and orderly transition, Mr. Simard will remain with B\u00e2tirente as a special management advisor until June 30,\u00a02022.<\/p>\n<p>\u201cAs B\u00e2tirente\u2019s first chief executive officer, after serving as a union advisor at the CSN for over 15\u00a0years, Daniel Simard was able to create a pension system that is unique in Quebec,\u201d says Yvan Duceppe, CSN\u2019s treasurer and chair of B\u00e2tirente\u2019s Board of Directors. \u201cThanks to his work and visionary qualities, thousands of workers can look forward to a better retirement.\u201d<\/p>\n<p>B\u00e2tirente\u2019s Board of Directors would like to acknowledge Daniel Simard\u2019s outstanding contribution to B\u00e2tirente\u2019s success since its founding nearly 35\u00a0years ago. Mr.\u00a0Simard has served on the Board since the first election of directors in 1989. Today, under his leadership, B\u00e2tirente has more than 24,000\u00a0members, including more than 1,000\u00a0retired members. It also distinguishes itself by its leadership in responsible investing and its ambitious climate commitment.<\/p>\n<p>\u201cI would like to thank all of the current and past Board members and B\u00e2tirente\u2019s member unions for their support, as well as successive team members,\u201d says Daniel Simard. \u201cIt is the sum of these contributions that has made B\u00e2tirente what it is today: a strong, solid and responsible organization.\u201d<\/p>\n<p>Appointed by the Board of Directors to take over, \u00c9ric Filion is a trained actuary and has already been with B\u00e2tirente for five years as Chief Operating Officer. Prior to that, he held various positions in a major Quebec financial institution for nearly 20\u00a0years. \u201c\u00c9ric Filion\u2019s knowledge of B\u00e2tirente\u2019s mission and values, as well as his expertise, made him an ideal successor for our organization,\u201d says Mr.\u00a0Duceppe. \u201cAfter a rigorous process, the selection committee was convinced of his ability to lead B\u00e2tirente into this new phase for the benefit of unions and their members.<\/p>\n<p>\u201cB\u00e2tirente is a unique organization that has always put the unions that trust it and their members at the heart of its work,\u201d says \u00c9ric Filion. \u201cI am honoured and very pleased to be appointed as Chief Executive Officer. I am excited to continue the work and operation of B\u00e2tirente.\u201d<\/p>\n<p><strong>About B\u00e2tirente<\/strong><br \/>\nB\u00e2tirente is a group retirement system created in 1987 at the initiative of the CSN. It allows 24,000 workers, grouped in 300 labour unions, to benefit from pension plans tailored to their needs by pooling their savings.<\/p>\n<p>A pioneer in responsible investing in Quebec, B\u00e2tirente believes that actively managing its investee companies\u2019 environmental, social and governance (ESG) risks helps ensure long-term economic and social development, as well as sound capitalization of the pension plan, which are both required for sustainable financial performance.<\/p>\n<p><strong>For more information<\/strong><br \/>\nKatya Vanbeselaere<br \/>\nCommunications and Marketing Manager<br \/>\n514 525-5740, ext. 2425<br \/>\n<a href=\"mailto:kv@batirente.com\">kv@batirente.com<\/a><\/p>\n","protected":false},"excerpt":{"rendered":"<p>After more than 25 years as the Chief Executive Officer of B\u00e2tirente, Daniel Simard has confirmed to its Board of Directors his intention to retire. \u00c9ric Filion, Chief Operating Officer for the organization, has been appointed to take over as CEO.<\/p>\n","protected":false},"author":3,"featured_media":6473,"comment_status":"closed","ping_status":"closed","sticky":false,"template":"","format":"standard","meta":{"_acf_changed":false,"_et_pb_use_builder":"","_et_pb_old_content":"","_et_gb_content_width":"","inline_featured_image":false,"footnotes":""},"categories":[74,61],"tags":[],"class_list":["post-6470","post","type-post","status-publish","format-standard","has-post-thumbnail","hentry","category-news","category-press-releases"],"acf":[],"yoast_head":"<!-- This site is optimized with the Yoast SEO plugin v27.3 - https:\/\/yoast.com\/product\/yoast-seo-wordpress\/ -->\n<title>B\u00e2tirente announces leadership transition - B\u00e2tirente<\/title>\n<meta name=\"robots\" content=\"index, follow, max-snippet:-1, max-image-preview:large, max-video-preview:-1\" \/>\n<link rel=\"canonical\" href=\"https:\/\/www.batirente.com\/en\/batirente-announces-leadership-transition\/\" \/>\n<meta property=\"og:locale\" content=\"en_US\" \/>\n<meta property=\"og:type\" content=\"article\" \/>\n<meta property=\"og:title\" content=\"B\u00e2tirente announces leadership transition - B\u00e2tirente\" \/>\n<meta property=\"og:description\" content=\"After more than 25 years as the Chief Executive Officer of B\u00e2tirente, Daniel Simard has confirmed to its Board of Directors his intention to retire. \u00c9ric Filion, Chief Operating Officer for the organization, has been appointed to take over as CEO.\" \/>\n<meta property=\"og:url\" content=\"https:\/\/www.batirente.com\/en\/batirente-announces-leadership-transition\/\" \/>\n<meta property=\"og:site_name\" content=\"B\u00e2tirente\" \/>\n<meta property=\"article:publisher\" content=\"https:\/\/www.facebook.com\/batirente\/\" \/>\n<meta property=\"article:published_time\" content=\"2021-09-15T14:59:24+00:00\" \/>\n<meta property=\"article:modified_time\" content=\"2021-10-13T16:01:32+00:00\" \/>\n<meta property=\"og:image\" content=\"https:\/\/www.batirente.com\/wp-content\/uploads\/2021\/09\/DanielSimard-600x400-1.jpg\" \/>\n\t<meta property=\"og:image:width\" content=\"600\" \/>\n\t<meta property=\"og:image:height\" content=\"400\" \/>\n\t<meta property=\"og:image:type\" content=\"image\/jpeg\" \/>\n<meta name=\"author\" content=\"Evelyne Clermont\" \/>\n<meta name=\"twitter:card\" content=\"summary_large_image\" \/>\n<meta name=\"twitter:creator\" content=\"@Batirente\" \/>\n<meta name=\"twitter:site\" content=\"@Batirente\" \/>\n<meta name=\"twitter:label1\" content=\"Written by\" \/>\n\t<meta name=\"twitter:data1\" content=\"Evelyne Clermont\" \/>\n\t<meta name=\"twitter:label2\" content=\"Est. reading time\" \/>\n\t<meta name=\"twitter:data2\" content=\"3 minutes\" \/>\n<script type=\"application\/ld+json\" class=\"yoast-schema-graph\">{\"@context\":\"https:\\\/\\\/schema.org\",\"@graph\":[{\"@type\":\"Article\",\"@id\":\"https:\\\/\\\/www.batirente.com\\\/en\\\/batirente-announces-leadership-transition\\\/#article\",\"isPartOf\":{\"@id\":\"https:\\\/\\\/www.batirente.com\\\/en\\\/batirente-announces-leadership-transition\\\/\"},\"author\":{\"name\":\"Evelyne Clermont\",\"@id\":\"https:\\\/\\\/www.batirente.com\\\/#\\\/schema\\\/person\\\/66c0d10676e27280fc75c5e5282d9c8f\"},\"headline\":\"B\u00e2tirente announces leadership transition\",\"datePublished\":\"2021-09-15T14:59:24+00:00\",\"dateModified\":\"2021-10-13T16:01:32+00:00\",\"mainEntityOfPage\":{\"@id\":\"https:\\\/\\\/www.batirente.com\\\/en\\\/batirente-announces-leadership-transition\\\/\"},\"wordCount\":515,\"publisher\":{\"@id\":\"https:\\\/\\\/www.batirente.com\\\/#organization\"},\"image\":{\"@id\":\"https:\\\/\\\/www.batirente.com\\\/en\\\/batirente-announces-leadership-transition\\\/#primaryimage\"},\"thumbnailUrl\":\"https:\\\/\\\/www.batirente.com\\\/wp-content\\\/uploads\\\/2021\\\/09\\\/DanielSimard-600x400-1.jpg\",\"articleSection\":[\"News\",\"Press Releases\"],\"inLanguage\":\"en-US\"},{\"@type\":\"WebPage\",\"@id\":\"https:\\\/\\\/www.batirente.com\\\/en\\\/batirente-announces-leadership-transition\\\/\",\"url\":\"https:\\\/\\\/www.batirente.com\\\/en\\\/batirente-announces-leadership-transition\\\/\",\"name\":\"B\u00e2tirente announces leadership transition - B\u00e2tirente\",\"isPartOf\":{\"@id\":\"https:\\\/\\\/www.batirente.com\\\/#website\"},\"primaryImageOfPage\":{\"@id\":\"https:\\\/\\\/www.batirente.com\\\/en\\\/batirente-announces-leadership-transition\\\/#primaryimage\"},\"image\":{\"@id\":\"https:\\\/\\\/www.batirente.com\\\/en\\\/batirente-announces-leadership-transition\\\/#primaryimage\"},\"thumbnailUrl\":\"https:\\\/\\\/www.batirente.com\\\/wp-content\\\/uploads\\\/2021\\\/09\\\/DanielSimard-600x400-1.jpg\",\"datePublished\":\"2021-09-15T14:59:24+00:00\",\"dateModified\":\"2021-10-13T16:01:32+00:00\",\"breadcrumb\":{\"@id\":\"https:\\\/\\\/www.batirente.com\\\/en\\\/batirente-announces-leadership-transition\\\/#breadcrumb\"},\"inLanguage\":\"en-US\",\"potentialAction\":[{\"@type\":\"ReadAction\",\"target\":[\"https:\\\/\\\/www.batirente.com\\\/en\\\/batirente-announces-leadership-transition\\\/\"]}]},{\"@type\":\"ImageObject\",\"inLanguage\":\"en-US\",\"@id\":\"https:\\\/\\\/www.batirente.com\\\/en\\\/batirente-announces-leadership-transition\\\/#primaryimage\",\"url\":\"https:\\\/\\\/www.batirente.com\\\/wp-content\\\/uploads\\\/2021\\\/09\\\/DanielSimard-600x400-1.jpg\",\"contentUrl\":\"https:\\\/\\\/www.batirente.com\\\/wp-content\\\/uploads\\\/2021\\\/09\\\/DanielSimard-600x400-1.jpg\",\"width\":600,\"height\":400},{\"@type\":\"BreadcrumbList\",\"@id\":\"https:\\\/\\\/www.batirente.com\\\/en\\\/batirente-announces-leadership-transition\\\/#breadcrumb\",\"itemListElement\":[{\"@type\":\"ListItem\",\"position\":1,\"name\":\"Accueil\",\"item\":\"https:\\\/\\\/www.batirente.com\\\/en\\\/\"},{\"@type\":\"ListItem\",\"position\":2,\"name\":\"B\u00e2tirente announces leadership transition\"}]},{\"@type\":\"WebSite\",\"@id\":\"https:\\\/\\\/www.batirente.com\\\/#website\",\"url\":\"https:\\\/\\\/www.batirente.com\\\/\",\"name\":\"B\u00e2tirente\",\"description\":\"Ma retraite. Notre force.\",\"publisher\":{\"@id\":\"https:\\\/\\\/www.batirente.com\\\/#organization\"},\"potentialAction\":[{\"@type\":\"SearchAction\",\"target\":{\"@type\":\"EntryPoint\",\"urlTemplate\":\"https:\\\/\\\/www.batirente.com\\\/?s={search_term_string}\"},\"query-input\":{\"@type\":\"PropertyValueSpecification\",\"valueRequired\":true,\"valueName\":\"search_term_string\"}}],\"inLanguage\":\"en-US\"},{\"@type\":\"Organization\",\"@id\":\"https:\\\/\\\/www.batirente.com\\\/#organization\",\"name\":\"B\u00e2tirente\",\"url\":\"https:\\\/\\\/www.batirente.com\\\/\",\"logo\":{\"@type\":\"ImageObject\",\"inLanguage\":\"en-US\",\"@id\":\"https:\\\/\\\/www.batirente.com\\\/#\\\/schema\\\/logo\\\/image\\\/\",\"url\":\"https:\\\/\\\/www.batirente.com\\\/wp-content\\\/uploads\\\/2019\\\/01\\\/2017-logo.jpg\",\"contentUrl\":\"https:\\\/\\\/www.batirente.com\\\/wp-content\\\/uploads\\\/2019\\\/01\\\/2017-logo.jpg\",\"width\":750,\"height\":450,\"caption\":\"B\u00e2tirente\"},\"image\":{\"@id\":\"https:\\\/\\\/www.batirente.com\\\/#\\\/schema\\\/logo\\\/image\\\/\"},\"sameAs\":[\"https:\\\/\\\/www.facebook.com\\\/batirente\\\/\",\"https:\\\/\\\/x.com\\\/Batirente\",\"https:\\\/\\\/www.linkedin.com\\\/company\\\/batirente\"]},{\"@type\":\"Person\",\"@id\":\"https:\\\/\\\/www.batirente.com\\\/#\\\/schema\\\/person\\\/66c0d10676e27280fc75c5e5282d9c8f\",\"name\":\"Evelyne Clermont\"}]}<\/script>\n<!-- \/ Yoast SEO plugin. -->","yoast_head_json":{"title":"B\u00e2tirente announces leadership transition - B\u00e2tirente","robots":{"index":"index","follow":"follow","max-snippet":"max-snippet:-1","max-image-preview":"max-image-preview:large","max-video-preview":"max-video-preview:-1"},"canonical":"https:\/\/www.batirente.com\/en\/batirente-announces-leadership-transition\/","og_locale":"en_US","og_type":"article","og_title":"B\u00e2tirente announces leadership transition - B\u00e2tirente","og_description":"After more than 25 years as the Chief Executive Officer of B\u00e2tirente, Daniel Simard has confirmed to its Board of Directors his intention to retire. \u00c9ric Filion, Chief Operating Officer for the organization, has been appointed to take over as CEO.","og_url":"https:\/\/www.batirente.com\/en\/batirente-announces-leadership-transition\/","og_site_name":"B\u00e2tirente","article_publisher":"https:\/\/www.facebook.com\/batirente\/","article_published_time":"2021-09-15T14:59:24+00:00","article_modified_time":"2021-10-13T16:01:32+00:00","og_image":[{"width":600,"height":400,"url":"https:\/\/www.batirente.com\/wp-content\/uploads\/2021\/09\/DanielSimard-600x400-1.jpg","type":"image\/jpeg"}],"author":"Evelyne Clermont","twitter_card":"summary_large_image","twitter_creator":"@Batirente","twitter_site":"@Batirente","twitter_misc":{"Written by":"Evelyne Clermont","Est. reading time":"3 minutes"},"schema":{"@context":"https:\/\/schema.org","@graph":[{"@type":"Article","@id":"https:\/\/www.batirente.com\/en\/batirente-announces-leadership-transition\/#article","isPartOf":{"@id":"https:\/\/www.batirente.com\/en\/batirente-announces-leadership-transition\/"},"author":{"name":"Evelyne Clermont","@id":"https:\/\/www.batirente.com\/#\/schema\/person\/66c0d10676e27280fc75c5e5282d9c8f"},"headline":"B\u00e2tirente announces leadership transition","datePublished":"2021-09-15T14:59:24+00:00","dateModified":"2021-10-13T16:01:32+00:00","mainEntityOfPage":{"@id":"https:\/\/www.batirente.com\/en\/batirente-announces-leadership-transition\/"},"wordCount":515,"publisher":{"@id":"https:\/\/www.batirente.com\/#organization"},"image":{"@id":"https:\/\/www.batirente.com\/en\/batirente-announces-leadership-transition\/#primaryimage"},"thumbnailUrl":"https:\/\/www.batirente.com\/wp-content\/uploads\/2021\/09\/DanielSimard-600x400-1.jpg","articleSection":["News","Press Releases"],"inLanguage":"en-US"},{"@type":"WebPage","@id":"https:\/\/www.batirente.com\/en\/batirente-announces-leadership-transition\/","url":"https:\/\/www.batirente.com\/en\/batirente-announces-leadership-transition\/","name":"B\u00e2tirente announces leadership transition - B\u00e2tirente","isPartOf":{"@id":"https:\/\/www.batirente.com\/#website"},"primaryImageOfPage":{"@id":"https:\/\/www.batirente.com\/en\/batirente-announces-leadership-transition\/#primaryimage"},"image":{"@id":"https:\/\/www.batirente.com\/en\/batirente-announces-leadership-transition\/#primaryimage"},"thumbnailUrl":"https:\/\/www.batirente.com\/wp-content\/uploads\/2021\/09\/DanielSimard-600x400-1.jpg","datePublished":"2021-09-15T14:59:24+00:00","dateModified":"2021-10-13T16:01:32+00:00","breadcrumb":{"@id":"https:\/\/www.batirente.com\/en\/batirente-announces-leadership-transition\/#breadcrumb"},"inLanguage":"en-US","potentialAction":[{"@type":"ReadAction","target":["https:\/\/www.batirente.com\/en\/batirente-announces-leadership-transition\/"]}]},{"@type":"ImageObject","inLanguage":"en-US","@id":"https:\/\/www.batirente.com\/en\/batirente-announces-leadership-transition\/#primaryimage","url":"https:\/\/www.batirente.com\/wp-content\/uploads\/2021\/09\/DanielSimard-600x400-1.jpg","contentUrl":"https:\/\/www.batirente.com\/wp-content\/uploads\/2021\/09\/DanielSimard-600x400-1.jpg","width":600,"height":400},{"@type":"BreadcrumbList","@id":"https:\/\/www.batirente.com\/en\/batirente-announces-leadership-transition\/#breadcrumb","itemListElement":[{"@type":"ListItem","position":1,"name":"Accueil","item":"https:\/\/www.batirente.com\/en\/"},{"@type":"ListItem","position":2,"name":"B\u00e2tirente announces leadership transition"}]},{"@type":"WebSite","@id":"https:\/\/www.batirente.com\/#website","url":"https:\/\/www.batirente.com\/","name":"B\u00e2tirente","description":"Ma retraite. Notre force.","publisher":{"@id":"https:\/\/www.batirente.com\/#organization"},"potentialAction":[{"@type":"SearchAction","target":{"@type":"EntryPoint","urlTemplate":"https:\/\/www.batirente.com\/?s={search_term_string}"},"query-input":{"@type":"PropertyValueSpecification","valueRequired":true,"valueName":"search_term_string"}}],"inLanguage":"en-US"},{"@type":"Organization","@id":"https:\/\/www.batirente.com\/#organization","name":"B\u00e2tirente","url":"https:\/\/www.batirente.com\/","logo":{"@type":"ImageObject","inLanguage":"en-US","@id":"https:\/\/www.batirente.com\/#\/schema\/logo\/image\/","url":"https:\/\/www.batirente.com\/wp-content\/uploads\/2019\/01\/2017-logo.jpg","contentUrl":"https:\/\/www.batirente.com\/wp-content\/uploads\/2019\/01\/2017-logo.jpg","width":750,"height":450,"caption":"B\u00e2tirente"},"image":{"@id":"https:\/\/www.batirente.com\/#\/schema\/logo\/image\/"},"sameAs":["https:\/\/www.facebook.com\/batirente\/","https:\/\/x.com\/Batirente","https:\/\/www.linkedin.com\/company\/batirente"]},{"@type":"Person","@id":"https:\/\/www.batirente.com\/#\/schema\/person\/66c0d10676e27280fc75c5e5282d9c8f","name":"Evelyne Clermont"}]}},"_links":{"self":[{"href":"https:\/\/www.batirente.com\/en\/wp-json\/wp\/v2\/posts\/6470","targetHints":{"allow":["GET"]}}],"collection":[{"href":"https:\/\/www.batirente.com\/en\/wp-json\/wp\/v2\/posts"}],"about":[{"href":"https:\/\/www.batirente.com\/en\/wp-json\/wp\/v2\/types\/post"}],"author":[{"embeddable":true,"href":"https:\/\/www.batirente.com\/en\/wp-json\/wp\/v2\/users\/3"}],"replies":[{"embeddable":true,"href":"https:\/\/www.batirente.com\/en\/wp-json\/wp\/v2\/comments?post=6470"}],"version-history":[{"count":0,"href":"https:\/\/www.batirente.com\/en\/wp-json\/wp\/v2\/posts\/6470\/revisions"}],"wp:featuredmedia":[{"embeddable":true,"href":"https:\/\/www.batirente.com\/en\/wp-json\/wp\/v2\/media\/6473"}],"wp:attachment":[{"href":"https:\/\/www.batirente.com\/en\/wp-json\/wp\/v2\/media?parent=6470"}],"wp:term":[{"taxonomy":"category","embeddable":true,"href":"https:\/\/www.batirente.com\/en\/wp-json\/wp\/v2\/categories?post=6470"},{"taxonomy":"post_tag","embeddable":true,"href":"https:\/\/www.batirente.com\/en\/wp-json\/wp\/v2\/tags?post=6470"}],"curies":[{"name":"wp","href":"https:\/\/api.w.org\/{rel}","templated":true}]}}