{"id":899,"date":"2017-11-07T11:16:30","date_gmt":"2017-11-07T16:16:30","guid":{"rendered":"https:\/\/batirente.progexia.com\/batirente-salue-la-bonification-du-rrq-par-le-gouvernement\/"},"modified":"2021-02-04T14:45:00","modified_gmt":"2021-02-04T19:45:00","slug":"batirente-salue-la-bonification-du-rrq-par-le-gouvernement","status":"publish","type":"post","link":"https:\/\/www.batirente.com\/en\/batirente-salue-la-bonification-du-rrq-par-le-gouvernement\/","title":{"rendered":"B\u00e2tirente salue la bonification du RRQ par le gouvernement"},"content":{"rendered":"<h2>Les changements apport\u00e9s au r\u00e9gime permettront d\u2019am\u00e9liorer la s\u00e9curit\u00e9 financi\u00e8re des Qu\u00e9b\u00e9coises et Qu\u00e9b\u00e9cois \u00e0 la retraite<\/h2>\n<p><strong>Montr\u00e9al, le 7 novembre 2017<\/strong> \u2013 Jeudi dernier, le gouvernement du Qu\u00e9bec a annonc\u00e9 sa d\u00e9cision de bonifier le R\u00e9gime de rente du Qu\u00e9bec. Cette bonification est calqu\u00e9e sur celle convenue dans le r\u00e9gime de pension du Canada pour les salari\u00e9s des autres provinces. B\u00e2tirente salue la d\u00e9cision du gouvernement qui permettra d\u2019accro\u00eetre progressivement, de 25 % \u00e0 33 % du revenu, la rente de retraite fournie par le r\u00e9gime aux Qu\u00e9b\u00e9coises et aux Qu\u00e9b\u00e9cois.<\/p>\n<p>\u00ab La s\u00e9curit\u00e9 financi\u00e8re \u00e0 la retraite de nos membres est au c\u0153ur de la mission de B\u00e2tirente \u00bb, souligne M. Daniel Simard, directeur g\u00e9n\u00e9ral. \u00ab La bonification du RRQ leur permettra de voir une plus grande partie de leurs revenus de retraite prot\u00e9g\u00e9e contre les al\u00e9as du march\u00e9 et de l\u2019inflation, ce qui est une excellente chose. Cela est d\u2019autant plus vrai dans le contexte o\u00f9 les r\u00e9gimes \u00e0 cotisation d\u00e9termin\u00e9e prennent de plus en plus de place, notamment dans le secteur priv\u00e9 \u00bb.<\/p>\n<p>Au cours des prochaines semaines, B\u00e2tirente poursuivra son analyse du projet de loi et collaborera avec toutes les parties afin de permettre au gouvernement de proposer le meilleur r\u00e9gime possible aux Qu\u00e9b\u00e9coises et aux Qu\u00e9b\u00e9cois.<\/p>\n<p>\u00ab Plusieurs organismes, dont la Conf\u00e9d\u00e9ration des syndicats Nationaux (CSN) dont nous sommes issus, ont soulign\u00e9 des \u00e9l\u00e9ments perfectibles dans le projet de loi. Nous esp\u00e9rons que les prochaines \u00e9tapes permettront de d\u00e9boucher sur un r\u00e9gime \u00e9quitable et empreint de solidarit\u00e9 sociale\u00bb, conclut M. Simard.<\/p>\n<p><strong>\u00c0 propos de B\u00e2tirente<\/strong><\/p>\n<p>B\u00e2tirente est un syst\u00e8me de retraite collectif mis sur pied en 1987 \u00e0 l\u2019initiative de la CSN. Il permet \u00e0 20 000 travailleurs, regroup\u00e9s au sein de 300 syndicats, de profiter de r\u00e9gimes de retraite adapt\u00e9s \u00e0 leurs besoins en misant sur la mise en commun de leur \u00e9pargne. Le profil complet est disponible \u00e0 www.batirente.qc.ca.<\/p>\n<p>Pionnier dans le domaine de l\u2019investissement responsable au Qu\u00e9bec, B\u00e2tirente croit qu\u2019une gestion active des risques environnementaux, sociaux et de gouvernance (ESG) des entreprises repr\u00e9sent\u00e9es dans ses portefeuilles contribue \u00e0 la saine capitalisation de la retraite ainsi qu\u2019au d\u00e9veloppement \u00e9conomique et social \u00e0 long terme, lesquels sont requis pour une performance financi\u00e8re durable.<\/p>\n<p style=\"text-align: center;\">-30-<\/p>\n<p><strong>Pour information :<\/strong><br \/>\nKatya Vanbeselaere, responsable des communications<br \/>\n514 525-5740 poste 2425<br \/>\n<a href=\"mailto:kv@batirente.qc.ca\">kv@batirente.qc.ca<\/a><\/p>\n","protected":false},"excerpt":{"rendered":"<p>Jeudi dernier, le gouvernement du Qu\u00e9bec a annonc\u00e9 sa d\u00e9cision de bonifier le R\u00e9gime de rente du Qu\u00e9bec. Cette bonification est calqu\u00e9e sur celle convenue dans le r\u00e9gime de pension du Canada pour les salari\u00e9s des autres provinces. B\u00e2tirente salue la d\u00e9cision du gouvernement qui permettra d\u2019accro\u00eetre progressivement, de 25 % \u00e0 33 % du revenu, la rente de retraite fournie par le r\u00e9gime aux Qu\u00e9b\u00e9coises et aux Qu\u00e9b\u00e9cois.<\/p>\n","protected":false},"author":4,"featured_media":0,"comment_status":"closed","ping_status":"closed","sticky":false,"template":"","format":"standard","meta":{"_acf_changed":false,"_et_pb_use_builder":"","_et_pb_old_content":"","_et_gb_content_width":"","inline_featured_image":false,"footnotes":""},"categories":[61],"tags":[],"class_list":["post-899","post","type-post","status-publish","format-standard","hentry","category-press-releases"],"acf":[],"yoast_head":"<!-- This site is optimized with the Yoast SEO plugin v27.3 - https:\/\/yoast.com\/product\/yoast-seo-wordpress\/ -->\n<title>B\u00e2tirente salue la bonification du RRQ par le gouvernement - B\u00e2tirente<\/title>\n<meta name=\"robots\" content=\"index, follow, max-snippet:-1, max-image-preview:large, max-video-preview:-1\" \/>\n<link rel=\"canonical\" href=\"https:\/\/www.batirente.com\/en\/batirente-salue-la-bonification-du-rrq-par-le-gouvernement\/\" \/>\n<meta property=\"og:locale\" content=\"en_US\" \/>\n<meta property=\"og:type\" content=\"article\" \/>\n<meta property=\"og:title\" content=\"B\u00e2tirente salue la bonification du RRQ par le gouvernement - B\u00e2tirente\" \/>\n<meta property=\"og:description\" content=\"Jeudi dernier, le gouvernement du Qu\u00e9bec a annonc\u00e9 sa d\u00e9cision de bonifier le R\u00e9gime de rente du Qu\u00e9bec. Cette bonification est calqu\u00e9e sur celle convenue dans le r\u00e9gime de pension du Canada pour les salari\u00e9s des autres provinces. B\u00e2tirente salue la d\u00e9cision du gouvernement qui permettra d\u2019accro\u00eetre progressivement, de 25 % \u00e0 33 % du revenu, la rente de retraite fournie par le r\u00e9gime aux Qu\u00e9b\u00e9coises et aux Qu\u00e9b\u00e9cois.\" \/>\n<meta property=\"og:url\" content=\"https:\/\/www.batirente.com\/en\/batirente-salue-la-bonification-du-rrq-par-le-gouvernement\/\" \/>\n<meta property=\"og:site_name\" content=\"B\u00e2tirente\" \/>\n<meta property=\"article:publisher\" content=\"https:\/\/www.facebook.com\/batirente\/\" \/>\n<meta property=\"article:published_time\" content=\"2017-11-07T16:16:30+00:00\" \/>\n<meta property=\"article:modified_time\" content=\"2021-02-04T19:45:00+00:00\" \/>\n<meta name=\"author\" content=\"B\u00e2tirente\" \/>\n<meta name=\"twitter:card\" content=\"summary_large_image\" \/>\n<meta name=\"twitter:creator\" content=\"@Batirente\" \/>\n<meta name=\"twitter:site\" content=\"@Batirente\" \/>\n<meta name=\"twitter:label1\" content=\"Written by\" \/>\n\t<meta name=\"twitter:data1\" content=\"B\u00e2tirente\" \/>\n\t<meta name=\"twitter:label2\" content=\"Est. reading time\" \/>\n\t<meta name=\"twitter:data2\" content=\"2 minutes\" \/>\n<script type=\"application\/ld+json\" class=\"yoast-schema-graph\">{\"@context\":\"https:\\\/\\\/schema.org\",\"@graph\":[{\"@type\":\"Article\",\"@id\":\"https:\\\/\\\/www.batirente.com\\\/en\\\/batirente-salue-la-bonification-du-rrq-par-le-gouvernement\\\/#article\",\"isPartOf\":{\"@id\":\"https:\\\/\\\/www.batirente.com\\\/en\\\/batirente-salue-la-bonification-du-rrq-par-le-gouvernement\\\/\"},\"author\":{\"name\":\"B\u00e2tirente\",\"@id\":\"https:\\\/\\\/www.batirente.com\\\/#\\\/schema\\\/person\\\/b4b3fd742d0864b1c7ec75612c810152\"},\"headline\":\"B\u00e2tirente salue la bonification du RRQ par le gouvernement\",\"datePublished\":\"2017-11-07T16:16:30+00:00\",\"dateModified\":\"2021-02-04T19:45:00+00:00\",\"mainEntityOfPage\":{\"@id\":\"https:\\\/\\\/www.batirente.com\\\/en\\\/batirente-salue-la-bonification-du-rrq-par-le-gouvernement\\\/\"},\"wordCount\":440,\"publisher\":{\"@id\":\"https:\\\/\\\/www.batirente.com\\\/#organization\"},\"articleSection\":[\"Press Releases\"],\"inLanguage\":\"en-US\"},{\"@type\":\"WebPage\",\"@id\":\"https:\\\/\\\/www.batirente.com\\\/en\\\/batirente-salue-la-bonification-du-rrq-par-le-gouvernement\\\/\",\"url\":\"https:\\\/\\\/www.batirente.com\\\/en\\\/batirente-salue-la-bonification-du-rrq-par-le-gouvernement\\\/\",\"name\":\"B\u00e2tirente salue la bonification du RRQ par le gouvernement - B\u00e2tirente\",\"isPartOf\":{\"@id\":\"https:\\\/\\\/www.batirente.com\\\/#website\"},\"datePublished\":\"2017-11-07T16:16:30+00:00\",\"dateModified\":\"2021-02-04T19:45:00+00:00\",\"breadcrumb\":{\"@id\":\"https:\\\/\\\/www.batirente.com\\\/en\\\/batirente-salue-la-bonification-du-rrq-par-le-gouvernement\\\/#breadcrumb\"},\"inLanguage\":\"en-US\",\"potentialAction\":[{\"@type\":\"ReadAction\",\"target\":[\"https:\\\/\\\/www.batirente.com\\\/en\\\/batirente-salue-la-bonification-du-rrq-par-le-gouvernement\\\/\"]}]},{\"@type\":\"BreadcrumbList\",\"@id\":\"https:\\\/\\\/www.batirente.com\\\/en\\\/batirente-salue-la-bonification-du-rrq-par-le-gouvernement\\\/#breadcrumb\",\"itemListElement\":[{\"@type\":\"ListItem\",\"position\":1,\"name\":\"Accueil\",\"item\":\"https:\\\/\\\/www.batirente.com\\\/en\\\/\"},{\"@type\":\"ListItem\",\"position\":2,\"name\":\"B\u00e2tirente salue la bonification du RRQ par le gouvernement\"}]},{\"@type\":\"WebSite\",\"@id\":\"https:\\\/\\\/www.batirente.com\\\/#website\",\"url\":\"https:\\\/\\\/www.batirente.com\\\/\",\"name\":\"B\u00e2tirente\",\"description\":\"Ma retraite. Notre force.\",\"publisher\":{\"@id\":\"https:\\\/\\\/www.batirente.com\\\/#organization\"},\"potentialAction\":[{\"@type\":\"SearchAction\",\"target\":{\"@type\":\"EntryPoint\",\"urlTemplate\":\"https:\\\/\\\/www.batirente.com\\\/?s={search_term_string}\"},\"query-input\":{\"@type\":\"PropertyValueSpecification\",\"valueRequired\":true,\"valueName\":\"search_term_string\"}}],\"inLanguage\":\"en-US\"},{\"@type\":\"Organization\",\"@id\":\"https:\\\/\\\/www.batirente.com\\\/#organization\",\"name\":\"B\u00e2tirente\",\"url\":\"https:\\\/\\\/www.batirente.com\\\/\",\"logo\":{\"@type\":\"ImageObject\",\"inLanguage\":\"en-US\",\"@id\":\"https:\\\/\\\/www.batirente.com\\\/#\\\/schema\\\/logo\\\/image\\\/\",\"url\":\"https:\\\/\\\/www.batirente.com\\\/wp-content\\\/uploads\\\/2019\\\/01\\\/2017-logo.jpg\",\"contentUrl\":\"https:\\\/\\\/www.batirente.com\\\/wp-content\\\/uploads\\\/2019\\\/01\\\/2017-logo.jpg\",\"width\":750,\"height\":450,\"caption\":\"B\u00e2tirente\"},\"image\":{\"@id\":\"https:\\\/\\\/www.batirente.com\\\/#\\\/schema\\\/logo\\\/image\\\/\"},\"sameAs\":[\"https:\\\/\\\/www.facebook.com\\\/batirente\\\/\",\"https:\\\/\\\/x.com\\\/Batirente\",\"https:\\\/\\\/www.linkedin.com\\\/company\\\/batirente\"]},{\"@type\":\"Person\",\"@id\":\"https:\\\/\\\/www.batirente.com\\\/#\\\/schema\\\/person\\\/b4b3fd742d0864b1c7ec75612c810152\",\"name\":\"B\u00e2tirente\"}]}<\/script>\n<!-- \/ Yoast SEO plugin. -->","yoast_head_json":{"title":"B\u00e2tirente salue la bonification du RRQ par le gouvernement - B\u00e2tirente","robots":{"index":"index","follow":"follow","max-snippet":"max-snippet:-1","max-image-preview":"max-image-preview:large","max-video-preview":"max-video-preview:-1"},"canonical":"https:\/\/www.batirente.com\/en\/batirente-salue-la-bonification-du-rrq-par-le-gouvernement\/","og_locale":"en_US","og_type":"article","og_title":"B\u00e2tirente salue la bonification du RRQ par le gouvernement - B\u00e2tirente","og_description":"Jeudi dernier, le gouvernement du Qu\u00e9bec a annonc\u00e9 sa d\u00e9cision de bonifier le R\u00e9gime de rente du Qu\u00e9bec. Cette bonification est calqu\u00e9e sur celle convenue dans le r\u00e9gime de pension du Canada pour les salari\u00e9s des autres provinces. B\u00e2tirente salue la d\u00e9cision du gouvernement qui permettra d\u2019accro\u00eetre progressivement, de 25 % \u00e0 33 % du revenu, la rente de retraite fournie par le r\u00e9gime aux Qu\u00e9b\u00e9coises et aux Qu\u00e9b\u00e9cois.","og_url":"https:\/\/www.batirente.com\/en\/batirente-salue-la-bonification-du-rrq-par-le-gouvernement\/","og_site_name":"B\u00e2tirente","article_publisher":"https:\/\/www.facebook.com\/batirente\/","article_published_time":"2017-11-07T16:16:30+00:00","article_modified_time":"2021-02-04T19:45:00+00:00","author":"B\u00e2tirente","twitter_card":"summary_large_image","twitter_creator":"@Batirente","twitter_site":"@Batirente","twitter_misc":{"Written by":"B\u00e2tirente","Est. reading time":"2 minutes"},"schema":{"@context":"https:\/\/schema.org","@graph":[{"@type":"Article","@id":"https:\/\/www.batirente.com\/en\/batirente-salue-la-bonification-du-rrq-par-le-gouvernement\/#article","isPartOf":{"@id":"https:\/\/www.batirente.com\/en\/batirente-salue-la-bonification-du-rrq-par-le-gouvernement\/"},"author":{"name":"B\u00e2tirente","@id":"https:\/\/www.batirente.com\/#\/schema\/person\/b4b3fd742d0864b1c7ec75612c810152"},"headline":"B\u00e2tirente salue la bonification du RRQ par le gouvernement","datePublished":"2017-11-07T16:16:30+00:00","dateModified":"2021-02-04T19:45:00+00:00","mainEntityOfPage":{"@id":"https:\/\/www.batirente.com\/en\/batirente-salue-la-bonification-du-rrq-par-le-gouvernement\/"},"wordCount":440,"publisher":{"@id":"https:\/\/www.batirente.com\/#organization"},"articleSection":["Press Releases"],"inLanguage":"en-US"},{"@type":"WebPage","@id":"https:\/\/www.batirente.com\/en\/batirente-salue-la-bonification-du-rrq-par-le-gouvernement\/","url":"https:\/\/www.batirente.com\/en\/batirente-salue-la-bonification-du-rrq-par-le-gouvernement\/","name":"B\u00e2tirente salue la bonification du RRQ par le gouvernement - B\u00e2tirente","isPartOf":{"@id":"https:\/\/www.batirente.com\/#website"},"datePublished":"2017-11-07T16:16:30+00:00","dateModified":"2021-02-04T19:45:00+00:00","breadcrumb":{"@id":"https:\/\/www.batirente.com\/en\/batirente-salue-la-bonification-du-rrq-par-le-gouvernement\/#breadcrumb"},"inLanguage":"en-US","potentialAction":[{"@type":"ReadAction","target":["https:\/\/www.batirente.com\/en\/batirente-salue-la-bonification-du-rrq-par-le-gouvernement\/"]}]},{"@type":"BreadcrumbList","@id":"https:\/\/www.batirente.com\/en\/batirente-salue-la-bonification-du-rrq-par-le-gouvernement\/#breadcrumb","itemListElement":[{"@type":"ListItem","position":1,"name":"Accueil","item":"https:\/\/www.batirente.com\/en\/"},{"@type":"ListItem","position":2,"name":"B\u00e2tirente salue la bonification du RRQ par le gouvernement"}]},{"@type":"WebSite","@id":"https:\/\/www.batirente.com\/#website","url":"https:\/\/www.batirente.com\/","name":"B\u00e2tirente","description":"Ma retraite. Notre force.","publisher":{"@id":"https:\/\/www.batirente.com\/#organization"},"potentialAction":[{"@type":"SearchAction","target":{"@type":"EntryPoint","urlTemplate":"https:\/\/www.batirente.com\/?s={search_term_string}"},"query-input":{"@type":"PropertyValueSpecification","valueRequired":true,"valueName":"search_term_string"}}],"inLanguage":"en-US"},{"@type":"Organization","@id":"https:\/\/www.batirente.com\/#organization","name":"B\u00e2tirente","url":"https:\/\/www.batirente.com\/","logo":{"@type":"ImageObject","inLanguage":"en-US","@id":"https:\/\/www.batirente.com\/#\/schema\/logo\/image\/","url":"https:\/\/www.batirente.com\/wp-content\/uploads\/2019\/01\/2017-logo.jpg","contentUrl":"https:\/\/www.batirente.com\/wp-content\/uploads\/2019\/01\/2017-logo.jpg","width":750,"height":450,"caption":"B\u00e2tirente"},"image":{"@id":"https:\/\/www.batirente.com\/#\/schema\/logo\/image\/"},"sameAs":["https:\/\/www.facebook.com\/batirente\/","https:\/\/x.com\/Batirente","https:\/\/www.linkedin.com\/company\/batirente"]},{"@type":"Person","@id":"https:\/\/www.batirente.com\/#\/schema\/person\/b4b3fd742d0864b1c7ec75612c810152","name":"B\u00e2tirente"}]}},"_links":{"self":[{"href":"https:\/\/www.batirente.com\/en\/wp-json\/wp\/v2\/posts\/899","targetHints":{"allow":["GET"]}}],"collection":[{"href":"https:\/\/www.batirente.com\/en\/wp-json\/wp\/v2\/posts"}],"about":[{"href":"https:\/\/www.batirente.com\/en\/wp-json\/wp\/v2\/types\/post"}],"author":[{"embeddable":true,"href":"https:\/\/www.batirente.com\/en\/wp-json\/wp\/v2\/users\/4"}],"replies":[{"embeddable":true,"href":"https:\/\/www.batirente.com\/en\/wp-json\/wp\/v2\/comments?post=899"}],"version-history":[{"count":0,"href":"https:\/\/www.batirente.com\/en\/wp-json\/wp\/v2\/posts\/899\/revisions"}],"wp:attachment":[{"href":"https:\/\/www.batirente.com\/en\/wp-json\/wp\/v2\/media?parent=899"}],"wp:term":[{"taxonomy":"category","embeddable":true,"href":"https:\/\/www.batirente.com\/en\/wp-json\/wp\/v2\/categories?post=899"},{"taxonomy":"post_tag","embeddable":true,"href":"https:\/\/www.batirente.com\/en\/wp-json\/wp\/v2\/tags?post=899"}],"curies":[{"name":"wp","href":"https:\/\/api.w.org\/{rel}","templated":true}]}}