{"id":915,"date":"2018-04-12T11:42:20","date_gmt":"2018-04-12T15:42:20","guid":{"rendered":"https:\/\/batirente.progexia.com\/batirente-celebre-ses-batisseurs-et-parle-davenir-a-loccasion-de-son-30ieme-anniversaire\/"},"modified":"2021-02-04T14:33:48","modified_gmt":"2021-02-04T19:33:48","slug":"batirente-celebre-ses-batisseurs-et-parle-davenir-a-loccasion-de-son-30ieme-anniversaire","status":"publish","type":"post","link":"https:\/\/www.batirente.com\/en\/batirente-celebre-ses-batisseurs-et-parle-davenir-a-loccasion-de-son-30ieme-anniversaire\/","title":{"rendered":"B\u00e2tirente c\u00e9l\u00e8bre ses b\u00e2tisseurs et parle d\u2019avenir \u00e0 l\u2019occasion de son 30i\u00e8me anniversaire"},"content":{"rendered":"<p>B\u00e2tirente a r\u00e9uni plusieurs de ses b\u00e2tisseurs lors d\u2019une soir\u00e9e hommage \u00e0 celles et ceux qui ont contribu\u00e9 \u00e0 mettre sur pied le REER collectif B\u00e2tirente en septembre 1987. Il s\u2019agissait alors du premier jalon de ce qui allait devenir le syst\u00e8me de retraite complet choisi par plus de 300 syndicats affili\u00e9s \u00e0 la CSN pour r\u00e9pondre aux besoins de leurs 21 000 membres.<\/p>\n<p>Jacques L\u00e9tourneau, pr\u00e9sident de la CSN a exprim\u00e9 sa fiert\u00e9 de constater qu\u2019aujourd\u2019hui \u00ab B\u00e2tirente est une v\u00e9ritable r\u00e9ussite collective, qui par son audace et son originalit\u00e9, constitue un formidable outil pour nos membres et une belle contribution de la CSN au renouveau syndical \u00bb. Rappelons qu\u2019\u00e0 l\u2019\u00e9poque de sa cr\u00e9ation, 42 % des syndicats du secteur priv\u00e9 n\u2019avaient aucun r\u00e9gime de retraite d\u2019entreprise, tandis que pour 40 % de ceux qui en avaient un, ce r\u00e9gime \u00e9tait jug\u00e9 nettement insuffisant. B\u00e2tirente apporte donc sa contribution \u00e0 la solution de ce besoin essentiel.<\/p>\n<p>Pierre Patry, tr\u00e9sorier de la CSN et pr\u00e9sident de B\u00e2tirente d\u00e9clarait : \u00ab Lorsque j\u2019ai \u00e9t\u00e9 nomm\u00e9 \u00e0 la pr\u00e9sidence il y a 14 ans, B\u00e2tirente avait un actif sous gestion de 220 millions. Aujourd\u2019hui, l\u2019actif a pratiquement tripl\u00e9 et il avoisine les 650 millions. Quelle belle r\u00e9ussite syndicale ! \u00bb<\/p>\n<p>M. Patry a \u00e9galement tenu \u00e0 souligner la contribution \u00e0 B\u00e2tirente de son directeur g\u00e9n\u00e9ral : \u00ab Daniel Simard est un v\u00e9ritable un pilier de B\u00e2tirente. Il en a \u00e9t\u00e9 l\u2019artisan de la premi\u00e8re heure. C\u2019est sous sa direction que B\u00e2tirente a d\u00e9velopp\u00e9 son offre de services, tels ses instruments de placement, ses r\u00e9gimes de retraite, sa vision. \u00bb<\/p>\n<p>Enfin, M. Simard a profit\u00e9 de l\u2019occasion pour souligner la force du r\u00e9seau partenarial qui soutient B\u00e2tirente, entre autres Desjardins Assurances, assureur coop\u00e9ratif qu\u00e9b\u00e9cois, partenaire depuis 4 ans. M. Simard d\u2019ajouter : \u00ab On ne peut manquer de mentionner et remercier SSQ qui a \u00e9t\u00e9 un partenaire fondateur. Merci aussi \u00e0 tous nos autres partenaires dont nos gestionnaires de portefeuilles, Fondaction et \u00e9videmment, la CSN \u00bb.<\/p>\n<p><strong>\u00c0 propos de B\u00e2tirente<\/strong><\/p>\n<p>B\u00e2tirente est un syst\u00e8me de retraite collectif mis sur pied en 1987 \u00e0 l\u2019initiative de la CSN. Il permet \u00e0 21 000 travailleurs, regroup\u00e9s au sein de 300 syndicats, de profiter de r\u00e9gimes de retraite adapt\u00e9s \u00e0 leurs besoins en s\u2019appuyant sur la mise en commun de leur \u00e9pargne.<\/p>\n<p>Pionnier dans le domaine de l\u2019investissement responsable au Qu\u00e9bec, B\u00e2tirente croit qu\u2019une gestion active des risques environnementaux, sociaux et de gouvernance (ESG) des entreprises repr\u00e9sent\u00e9es dans ses portefeuilles contribue \u00e0 la saine capitalisation de la retraite ainsi qu\u2019au d\u00e9veloppement \u00e9conomique et social \u00e0 long terme, lesquels sont requis pour une performance financi\u00e8re durable.<\/p>\n<p style=\"text-align: center;\">-30-<\/p>\n<p><strong>Pour information :<\/strong><br \/>\nKatya Vanbeselaere, responsable des communications<br \/>\n514 525-5740 poste 2425<br \/>\n<a href=\"mailto:kv@batirente.qc.ca\">kv@batirente.qc.ca<\/a><\/p>\n","protected":false},"excerpt":{"rendered":"<p>B\u00e2tirente a r\u00e9uni plusieurs de ses b\u00e2tisseurs lors d\u2019une soir\u00e9e hommage \u00e0 celles et ceux qui ont contribu\u00e9 \u00e0 mettre sur pied le REER collectif B\u00e2tirente en septembre 1987. Il s\u2019agissait alors du premier jalon de ce qui allait devenir le syst\u00e8me de retraite complet choisi par plus de 300 syndicats affili\u00e9s \u00e0 la CSN pour r\u00e9pondre aux besoins de leurs 21 000 membres.<\/p>\n","protected":false},"author":4,"featured_media":0,"comment_status":"closed","ping_status":"closed","sticky":false,"template":"","format":"standard","meta":{"_acf_changed":false,"_et_pb_use_builder":"","_et_pb_old_content":"","_et_gb_content_width":"","inline_featured_image":false,"footnotes":""},"categories":[61],"tags":[],"class_list":["post-915","post","type-post","status-publish","format-standard","hentry","category-press-releases"],"acf":[],"yoast_head":"<!-- This site is optimized with the Yoast SEO plugin v27.3 - https:\/\/yoast.com\/product\/yoast-seo-wordpress\/ -->\n<title>B\u00e2tirente c\u00e9l\u00e8bre ses b\u00e2tisseurs et parle d\u2019avenir \u00e0 l\u2019occasion de son 30i\u00e8me anniversaire - B\u00e2tirente<\/title>\n<meta name=\"robots\" content=\"index, follow, max-snippet:-1, max-image-preview:large, max-video-preview:-1\" \/>\n<link rel=\"canonical\" href=\"https:\/\/www.batirente.com\/en\/batirente-celebre-ses-batisseurs-et-parle-davenir-a-loccasion-de-son-30ieme-anniversaire\/\" \/>\n<meta property=\"og:locale\" content=\"en_US\" \/>\n<meta property=\"og:type\" content=\"article\" \/>\n<meta property=\"og:title\" content=\"B\u00e2tirente c\u00e9l\u00e8bre ses b\u00e2tisseurs et parle d\u2019avenir \u00e0 l\u2019occasion de son 30i\u00e8me anniversaire - B\u00e2tirente\" \/>\n<meta property=\"og:description\" content=\"B\u00e2tirente a r\u00e9uni plusieurs de ses b\u00e2tisseurs lors d\u2019une soir\u00e9e hommage \u00e0 celles et ceux qui ont contribu\u00e9 \u00e0 mettre sur pied le REER collectif B\u00e2tirente en septembre 1987. Il s\u2019agissait alors du premier jalon de ce qui allait devenir le syst\u00e8me de retraite complet choisi par plus de 300 syndicats affili\u00e9s \u00e0 la CSN pour r\u00e9pondre aux besoins de leurs 21 000 membres.\" \/>\n<meta property=\"og:url\" content=\"https:\/\/www.batirente.com\/en\/batirente-celebre-ses-batisseurs-et-parle-davenir-a-loccasion-de-son-30ieme-anniversaire\/\" \/>\n<meta property=\"og:site_name\" content=\"B\u00e2tirente\" \/>\n<meta property=\"article:publisher\" content=\"https:\/\/www.facebook.com\/batirente\/\" \/>\n<meta property=\"article:published_time\" content=\"2018-04-12T15:42:20+00:00\" \/>\n<meta property=\"article:modified_time\" content=\"2021-02-04T19:33:48+00:00\" \/>\n<meta name=\"author\" content=\"B\u00e2tirente\" \/>\n<meta name=\"twitter:card\" content=\"summary_large_image\" \/>\n<meta name=\"twitter:creator\" content=\"@Batirente\" \/>\n<meta name=\"twitter:site\" content=\"@Batirente\" \/>\n<meta name=\"twitter:label1\" content=\"Written by\" \/>\n\t<meta name=\"twitter:data1\" content=\"B\u00e2tirente\" \/>\n\t<meta name=\"twitter:label2\" content=\"Est. reading time\" \/>\n\t<meta name=\"twitter:data2\" content=\"2 minutes\" \/>\n<script type=\"application\/ld+json\" class=\"yoast-schema-graph\">{\"@context\":\"https:\\\/\\\/schema.org\",\"@graph\":[{\"@type\":\"Article\",\"@id\":\"https:\\\/\\\/www.batirente.com\\\/en\\\/batirente-celebre-ses-batisseurs-et-parle-davenir-a-loccasion-de-son-30ieme-anniversaire\\\/#article\",\"isPartOf\":{\"@id\":\"https:\\\/\\\/www.batirente.com\\\/en\\\/batirente-celebre-ses-batisseurs-et-parle-davenir-a-loccasion-de-son-30ieme-anniversaire\\\/\"},\"author\":{\"name\":\"B\u00e2tirente\",\"@id\":\"https:\\\/\\\/www.batirente.com\\\/#\\\/schema\\\/person\\\/b4b3fd742d0864b1c7ec75612c810152\"},\"headline\":\"B\u00e2tirente c\u00e9l\u00e8bre ses b\u00e2tisseurs et parle d\u2019avenir \u00e0 l\u2019occasion de son 30i\u00e8me anniversaire\",\"datePublished\":\"2018-04-12T15:42:20+00:00\",\"dateModified\":\"2021-02-04T19:33:48+00:00\",\"mainEntityOfPage\":{\"@id\":\"https:\\\/\\\/www.batirente.com\\\/en\\\/batirente-celebre-ses-batisseurs-et-parle-davenir-a-loccasion-de-son-30ieme-anniversaire\\\/\"},\"wordCount\":500,\"publisher\":{\"@id\":\"https:\\\/\\\/www.batirente.com\\\/#organization\"},\"articleSection\":[\"Press Releases\"],\"inLanguage\":\"en-US\"},{\"@type\":\"WebPage\",\"@id\":\"https:\\\/\\\/www.batirente.com\\\/en\\\/batirente-celebre-ses-batisseurs-et-parle-davenir-a-loccasion-de-son-30ieme-anniversaire\\\/\",\"url\":\"https:\\\/\\\/www.batirente.com\\\/en\\\/batirente-celebre-ses-batisseurs-et-parle-davenir-a-loccasion-de-son-30ieme-anniversaire\\\/\",\"name\":\"B\u00e2tirente c\u00e9l\u00e8bre ses b\u00e2tisseurs et parle d\u2019avenir \u00e0 l\u2019occasion de son 30i\u00e8me anniversaire - B\u00e2tirente\",\"isPartOf\":{\"@id\":\"https:\\\/\\\/www.batirente.com\\\/#website\"},\"datePublished\":\"2018-04-12T15:42:20+00:00\",\"dateModified\":\"2021-02-04T19:33:48+00:00\",\"breadcrumb\":{\"@id\":\"https:\\\/\\\/www.batirente.com\\\/en\\\/batirente-celebre-ses-batisseurs-et-parle-davenir-a-loccasion-de-son-30ieme-anniversaire\\\/#breadcrumb\"},\"inLanguage\":\"en-US\",\"potentialAction\":[{\"@type\":\"ReadAction\",\"target\":[\"https:\\\/\\\/www.batirente.com\\\/en\\\/batirente-celebre-ses-batisseurs-et-parle-davenir-a-loccasion-de-son-30ieme-anniversaire\\\/\"]}]},{\"@type\":\"BreadcrumbList\",\"@id\":\"https:\\\/\\\/www.batirente.com\\\/en\\\/batirente-celebre-ses-batisseurs-et-parle-davenir-a-loccasion-de-son-30ieme-anniversaire\\\/#breadcrumb\",\"itemListElement\":[{\"@type\":\"ListItem\",\"position\":1,\"name\":\"Accueil\",\"item\":\"https:\\\/\\\/www.batirente.com\\\/en\\\/\"},{\"@type\":\"ListItem\",\"position\":2,\"name\":\"B\u00e2tirente c\u00e9l\u00e8bre ses b\u00e2tisseurs et parle d\u2019avenir \u00e0 l\u2019occasion de son 30i\u00e8me anniversaire\"}]},{\"@type\":\"WebSite\",\"@id\":\"https:\\\/\\\/www.batirente.com\\\/#website\",\"url\":\"https:\\\/\\\/www.batirente.com\\\/\",\"name\":\"B\u00e2tirente\",\"description\":\"Ma retraite. Notre force.\",\"publisher\":{\"@id\":\"https:\\\/\\\/www.batirente.com\\\/#organization\"},\"potentialAction\":[{\"@type\":\"SearchAction\",\"target\":{\"@type\":\"EntryPoint\",\"urlTemplate\":\"https:\\\/\\\/www.batirente.com\\\/?s={search_term_string}\"},\"query-input\":{\"@type\":\"PropertyValueSpecification\",\"valueRequired\":true,\"valueName\":\"search_term_string\"}}],\"inLanguage\":\"en-US\"},{\"@type\":\"Organization\",\"@id\":\"https:\\\/\\\/www.batirente.com\\\/#organization\",\"name\":\"B\u00e2tirente\",\"url\":\"https:\\\/\\\/www.batirente.com\\\/\",\"logo\":{\"@type\":\"ImageObject\",\"inLanguage\":\"en-US\",\"@id\":\"https:\\\/\\\/www.batirente.com\\\/#\\\/schema\\\/logo\\\/image\\\/\",\"url\":\"https:\\\/\\\/www.batirente.com\\\/wp-content\\\/uploads\\\/2019\\\/01\\\/2017-logo.jpg\",\"contentUrl\":\"https:\\\/\\\/www.batirente.com\\\/wp-content\\\/uploads\\\/2019\\\/01\\\/2017-logo.jpg\",\"width\":750,\"height\":450,\"caption\":\"B\u00e2tirente\"},\"image\":{\"@id\":\"https:\\\/\\\/www.batirente.com\\\/#\\\/schema\\\/logo\\\/image\\\/\"},\"sameAs\":[\"https:\\\/\\\/www.facebook.com\\\/batirente\\\/\",\"https:\\\/\\\/x.com\\\/Batirente\",\"https:\\\/\\\/www.linkedin.com\\\/company\\\/batirente\"]},{\"@type\":\"Person\",\"@id\":\"https:\\\/\\\/www.batirente.com\\\/#\\\/schema\\\/person\\\/b4b3fd742d0864b1c7ec75612c810152\",\"name\":\"B\u00e2tirente\"}]}<\/script>\n<!-- \/ Yoast SEO plugin. -->","yoast_head_json":{"title":"B\u00e2tirente c\u00e9l\u00e8bre ses b\u00e2tisseurs et parle d\u2019avenir \u00e0 l\u2019occasion de son 30i\u00e8me anniversaire - B\u00e2tirente","robots":{"index":"index","follow":"follow","max-snippet":"max-snippet:-1","max-image-preview":"max-image-preview:large","max-video-preview":"max-video-preview:-1"},"canonical":"https:\/\/www.batirente.com\/en\/batirente-celebre-ses-batisseurs-et-parle-davenir-a-loccasion-de-son-30ieme-anniversaire\/","og_locale":"en_US","og_type":"article","og_title":"B\u00e2tirente c\u00e9l\u00e8bre ses b\u00e2tisseurs et parle d\u2019avenir \u00e0 l\u2019occasion de son 30i\u00e8me anniversaire - B\u00e2tirente","og_description":"B\u00e2tirente a r\u00e9uni plusieurs de ses b\u00e2tisseurs lors d\u2019une soir\u00e9e hommage \u00e0 celles et ceux qui ont contribu\u00e9 \u00e0 mettre sur pied le REER collectif B\u00e2tirente en septembre 1987. Il s\u2019agissait alors du premier jalon de ce qui allait devenir le syst\u00e8me de retraite complet choisi par plus de 300 syndicats affili\u00e9s \u00e0 la CSN pour r\u00e9pondre aux besoins de leurs 21 000 membres.","og_url":"https:\/\/www.batirente.com\/en\/batirente-celebre-ses-batisseurs-et-parle-davenir-a-loccasion-de-son-30ieme-anniversaire\/","og_site_name":"B\u00e2tirente","article_publisher":"https:\/\/www.facebook.com\/batirente\/","article_published_time":"2018-04-12T15:42:20+00:00","article_modified_time":"2021-02-04T19:33:48+00:00","author":"B\u00e2tirente","twitter_card":"summary_large_image","twitter_creator":"@Batirente","twitter_site":"@Batirente","twitter_misc":{"Written by":"B\u00e2tirente","Est. reading time":"2 minutes"},"schema":{"@context":"https:\/\/schema.org","@graph":[{"@type":"Article","@id":"https:\/\/www.batirente.com\/en\/batirente-celebre-ses-batisseurs-et-parle-davenir-a-loccasion-de-son-30ieme-anniversaire\/#article","isPartOf":{"@id":"https:\/\/www.batirente.com\/en\/batirente-celebre-ses-batisseurs-et-parle-davenir-a-loccasion-de-son-30ieme-anniversaire\/"},"author":{"name":"B\u00e2tirente","@id":"https:\/\/www.batirente.com\/#\/schema\/person\/b4b3fd742d0864b1c7ec75612c810152"},"headline":"B\u00e2tirente c\u00e9l\u00e8bre ses b\u00e2tisseurs et parle d\u2019avenir \u00e0 l\u2019occasion de son 30i\u00e8me anniversaire","datePublished":"2018-04-12T15:42:20+00:00","dateModified":"2021-02-04T19:33:48+00:00","mainEntityOfPage":{"@id":"https:\/\/www.batirente.com\/en\/batirente-celebre-ses-batisseurs-et-parle-davenir-a-loccasion-de-son-30ieme-anniversaire\/"},"wordCount":500,"publisher":{"@id":"https:\/\/www.batirente.com\/#organization"},"articleSection":["Press Releases"],"inLanguage":"en-US"},{"@type":"WebPage","@id":"https:\/\/www.batirente.com\/en\/batirente-celebre-ses-batisseurs-et-parle-davenir-a-loccasion-de-son-30ieme-anniversaire\/","url":"https:\/\/www.batirente.com\/en\/batirente-celebre-ses-batisseurs-et-parle-davenir-a-loccasion-de-son-30ieme-anniversaire\/","name":"B\u00e2tirente c\u00e9l\u00e8bre ses b\u00e2tisseurs et parle d\u2019avenir \u00e0 l\u2019occasion de son 30i\u00e8me anniversaire - B\u00e2tirente","isPartOf":{"@id":"https:\/\/www.batirente.com\/#website"},"datePublished":"2018-04-12T15:42:20+00:00","dateModified":"2021-02-04T19:33:48+00:00","breadcrumb":{"@id":"https:\/\/www.batirente.com\/en\/batirente-celebre-ses-batisseurs-et-parle-davenir-a-loccasion-de-son-30ieme-anniversaire\/#breadcrumb"},"inLanguage":"en-US","potentialAction":[{"@type":"ReadAction","target":["https:\/\/www.batirente.com\/en\/batirente-celebre-ses-batisseurs-et-parle-davenir-a-loccasion-de-son-30ieme-anniversaire\/"]}]},{"@type":"BreadcrumbList","@id":"https:\/\/www.batirente.com\/en\/batirente-celebre-ses-batisseurs-et-parle-davenir-a-loccasion-de-son-30ieme-anniversaire\/#breadcrumb","itemListElement":[{"@type":"ListItem","position":1,"name":"Accueil","item":"https:\/\/www.batirente.com\/en\/"},{"@type":"ListItem","position":2,"name":"B\u00e2tirente c\u00e9l\u00e8bre ses b\u00e2tisseurs et parle d\u2019avenir \u00e0 l\u2019occasion de son 30i\u00e8me anniversaire"}]},{"@type":"WebSite","@id":"https:\/\/www.batirente.com\/#website","url":"https:\/\/www.batirente.com\/","name":"B\u00e2tirente","description":"Ma retraite. Notre force.","publisher":{"@id":"https:\/\/www.batirente.com\/#organization"},"potentialAction":[{"@type":"SearchAction","target":{"@type":"EntryPoint","urlTemplate":"https:\/\/www.batirente.com\/?s={search_term_string}"},"query-input":{"@type":"PropertyValueSpecification","valueRequired":true,"valueName":"search_term_string"}}],"inLanguage":"en-US"},{"@type":"Organization","@id":"https:\/\/www.batirente.com\/#organization","name":"B\u00e2tirente","url":"https:\/\/www.batirente.com\/","logo":{"@type":"ImageObject","inLanguage":"en-US","@id":"https:\/\/www.batirente.com\/#\/schema\/logo\/image\/","url":"https:\/\/www.batirente.com\/wp-content\/uploads\/2019\/01\/2017-logo.jpg","contentUrl":"https:\/\/www.batirente.com\/wp-content\/uploads\/2019\/01\/2017-logo.jpg","width":750,"height":450,"caption":"B\u00e2tirente"},"image":{"@id":"https:\/\/www.batirente.com\/#\/schema\/logo\/image\/"},"sameAs":["https:\/\/www.facebook.com\/batirente\/","https:\/\/x.com\/Batirente","https:\/\/www.linkedin.com\/company\/batirente"]},{"@type":"Person","@id":"https:\/\/www.batirente.com\/#\/schema\/person\/b4b3fd742d0864b1c7ec75612c810152","name":"B\u00e2tirente"}]}},"_links":{"self":[{"href":"https:\/\/www.batirente.com\/en\/wp-json\/wp\/v2\/posts\/915","targetHints":{"allow":["GET"]}}],"collection":[{"href":"https:\/\/www.batirente.com\/en\/wp-json\/wp\/v2\/posts"}],"about":[{"href":"https:\/\/www.batirente.com\/en\/wp-json\/wp\/v2\/types\/post"}],"author":[{"embeddable":true,"href":"https:\/\/www.batirente.com\/en\/wp-json\/wp\/v2\/users\/4"}],"replies":[{"embeddable":true,"href":"https:\/\/www.batirente.com\/en\/wp-json\/wp\/v2\/comments?post=915"}],"version-history":[{"count":0,"href":"https:\/\/www.batirente.com\/en\/wp-json\/wp\/v2\/posts\/915\/revisions"}],"wp:attachment":[{"href":"https:\/\/www.batirente.com\/en\/wp-json\/wp\/v2\/media?parent=915"}],"wp:term":[{"taxonomy":"category","embeddable":true,"href":"https:\/\/www.batirente.com\/en\/wp-json\/wp\/v2\/categories?post=915"},{"taxonomy":"post_tag","embeddable":true,"href":"https:\/\/www.batirente.com\/en\/wp-json\/wp\/v2\/tags?post=915"}],"curies":[{"name":"wp","href":"https:\/\/api.w.org\/{rel}","templated":true}]}}