{"id":9179,"date":"2023-04-20T14:00:35","date_gmt":"2023-04-20T18:00:35","guid":{"rendered":"https:\/\/www.batirente.com\/?p=9179"},"modified":"2023-04-20T14:19:29","modified_gmt":"2023-04-20T18:19:29","slug":"batirente-to-plant-35-trees-for-its-35th-anniversary","status":"publish","type":"post","link":"https:\/\/www.batirente.com\/en\/batirente-to-plant-35-trees-for-its-35th-anniversary\/","title":{"rendered":"B\u00e2tirente to plant 35 trees for its 35th anniversary!"},"content":{"rendered":"<p><strong>Montr\u00e9al, April 21, 2023<\/strong>\u00a0\u2013 On the occasion of Earth Day on April 22nd, B\u00e2tirente is announcing that it will plant 35\u00a0trees this spring as part of the celebrations marking its 35th anniversary. Committed to climate protection since its founding, B\u00e2tirente will make a concrete gesture in the fight against climate change to counter urban heat islands in Montr\u00e9al.<\/p>\n<p>This operation will take place thanks to the expertise of <a href=\"https:\/\/soverdi.org\/accueil\/\">Soverdi<\/a>, a B\u00e2tirente member group, whose mission these past 30 years has been to grow the urban forest to improve the population\u2019s health and quality of life.<\/p>\n<p>In 2020, B\u00e2tirente unveiled its ambitious climate commitment and took concrete steps toward it. We feel confident that these actions bring us closer to meeting our goals for 2025. This commitment is based on measured and achievable ambitions\u2014a challenge for our entire civilization\u2014to tackle the global warming issue.<\/p>\n<p>\u201cGiven the climate crisis, it is important for B\u00e2tirente to take strong action. These 35 trees for our 35 years in existence represent our desire to contribute to this fight in every way possible. These trees will attest to our ability to make a sustainable impact that ensures our members\u2019 successful retirement while helping the planet,\u201d said B\u00e2tirente CEO \u00c9ric Filion.<\/p>\n<p><strong>About B\u00e2tirente<br \/>\n<\/strong>B\u00e2tirente is a group retirement system created in 1987 at the initiative of the CSN. It allows 27,000 workers, grouped in 319 labour unions, to benefit from pension plans tailored to their needs by pooling their savings.<\/p>\n<p>A leader in responsible investing, B\u00e2tirente believes that actively managing its investee companies\u2019 environmental, social and governance (ESG) risks helps ensure sound capitalization of the pension plan as well as long-term economic and social development, which are both required for sustainable financial performance.<\/p>\n<p><strong>For more information<br \/>\n<\/strong>Katya Vanbeselaere, Communications and Marketing Manager<br \/>\n514-525-5740, ext.\u00a02425<br \/>\n<a href=\"mailto:kv@batirente.com\">kv@batirente.com<\/a><\/p>\n","protected":false},"excerpt":{"rendered":"<p>On the occasion of Earth Day on April 22nd, B\u00e2tirente is announcing that it will plant 35\u00a0trees this spring as part of the celebrations marking its 35th anniversary. Committed to climate protection since its founding, B\u00e2tirente will make a concrete gesture in the fight against climate change to counter urban heat islands in Montr\u00e9al. This operation will take place thanks to the expertise of Soverdi, a B\u00e2tirente member group, whose mission these past 30 years has been to grow the urban forest to improve the population\u2019s health and quality of life.<\/p>\n","protected":false},"author":3,"featured_media":8808,"comment_status":"closed","ping_status":"closed","sticky":false,"template":"","format":"standard","meta":{"_acf_changed":false,"_et_pb_use_builder":"","_et_pb_old_content":"","_et_gb_content_width":"","inline_featured_image":false,"footnotes":""},"categories":[61],"tags":[],"class_list":["post-9179","post","type-post","status-publish","format-standard","has-post-thumbnail","hentry","category-press-releases"],"acf":[],"yoast_head":"<!-- This site is optimized with the Yoast SEO plugin v27.3 - https:\/\/yoast.com\/product\/yoast-seo-wordpress\/ -->\n<title>B\u00e2tirente to plant 35 trees for its 35th anniversary! - B\u00e2tirente<\/title>\n<meta name=\"robots\" content=\"index, follow, max-snippet:-1, max-image-preview:large, max-video-preview:-1\" \/>\n<link rel=\"canonical\" href=\"https:\/\/www.batirente.com\/en\/batirente-to-plant-35-trees-for-its-35th-anniversary\/\" \/>\n<meta property=\"og:locale\" content=\"en_US\" \/>\n<meta property=\"og:type\" content=\"article\" \/>\n<meta property=\"og:title\" content=\"B\u00e2tirente to plant 35 trees for its 35th anniversary! - B\u00e2tirente\" \/>\n<meta property=\"og:description\" content=\"On the occasion of Earth Day on April 22nd, B\u00e2tirente is announcing that it will plant 35\u00a0trees this spring as part of the celebrations marking its 35th anniversary. Committed to climate protection since its founding, B\u00e2tirente will make a concrete gesture in the fight against climate change to counter urban heat islands in Montr\u00e9al. This operation will take place thanks to the expertise of Soverdi, a B\u00e2tirente member group, whose mission these past 30 years has been to grow the urban forest to improve the population\u2019s health and quality of life.\" \/>\n<meta property=\"og:url\" content=\"https:\/\/www.batirente.com\/en\/batirente-to-plant-35-trees-for-its-35th-anniversary\/\" \/>\n<meta property=\"og:site_name\" content=\"B\u00e2tirente\" \/>\n<meta property=\"article:publisher\" content=\"https:\/\/www.facebook.com\/batirente\/\" \/>\n<meta property=\"article:published_time\" content=\"2023-04-20T18:00:35+00:00\" \/>\n<meta property=\"article:modified_time\" content=\"2023-04-20T18:19:29+00:00\" \/>\n<meta property=\"og:image\" content=\"https:\/\/www.batirente.com\/wp-content\/uploads\/2022\/11\/600x400_Bannieres2.jpg\" \/>\n\t<meta property=\"og:image:width\" content=\"600\" \/>\n\t<meta property=\"og:image:height\" content=\"400\" \/>\n\t<meta property=\"og:image:type\" content=\"image\/jpeg\" \/>\n<meta name=\"author\" content=\"Evelyne Clermont\" \/>\n<meta name=\"twitter:card\" content=\"summary_large_image\" \/>\n<meta name=\"twitter:creator\" content=\"@Batirente\" \/>\n<meta name=\"twitter:site\" content=\"@Batirente\" \/>\n<meta name=\"twitter:label1\" content=\"Written by\" \/>\n\t<meta name=\"twitter:data1\" content=\"Evelyne Clermont\" \/>\n\t<meta name=\"twitter:label2\" content=\"Est. reading time\" \/>\n\t<meta name=\"twitter:data2\" content=\"2 minutes\" \/>\n<script type=\"application\/ld+json\" class=\"yoast-schema-graph\">{\"@context\":\"https:\\\/\\\/schema.org\",\"@graph\":[{\"@type\":\"Article\",\"@id\":\"https:\\\/\\\/www.batirente.com\\\/en\\\/batirente-to-plant-35-trees-for-its-35th-anniversary\\\/#article\",\"isPartOf\":{\"@id\":\"https:\\\/\\\/www.batirente.com\\\/en\\\/batirente-to-plant-35-trees-for-its-35th-anniversary\\\/\"},\"author\":{\"name\":\"Evelyne Clermont\",\"@id\":\"https:\\\/\\\/www.batirente.com\\\/#\\\/schema\\\/person\\\/66c0d10676e27280fc75c5e5282d9c8f\"},\"headline\":\"B\u00e2tirente to plant 35 trees for its 35th anniversary!\",\"datePublished\":\"2023-04-20T18:00:35+00:00\",\"dateModified\":\"2023-04-20T18:19:29+00:00\",\"mainEntityOfPage\":{\"@id\":\"https:\\\/\\\/www.batirente.com\\\/en\\\/batirente-to-plant-35-trees-for-its-35th-anniversary\\\/\"},\"wordCount\":314,\"publisher\":{\"@id\":\"https:\\\/\\\/www.batirente.com\\\/#organization\"},\"image\":{\"@id\":\"https:\\\/\\\/www.batirente.com\\\/en\\\/batirente-to-plant-35-trees-for-its-35th-anniversary\\\/#primaryimage\"},\"thumbnailUrl\":\"https:\\\/\\\/www.batirente.com\\\/wp-content\\\/uploads\\\/2022\\\/11\\\/600x400_Bannieres2.jpg\",\"articleSection\":[\"Press Releases\"],\"inLanguage\":\"en-US\"},{\"@type\":\"WebPage\",\"@id\":\"https:\\\/\\\/www.batirente.com\\\/en\\\/batirente-to-plant-35-trees-for-its-35th-anniversary\\\/\",\"url\":\"https:\\\/\\\/www.batirente.com\\\/en\\\/batirente-to-plant-35-trees-for-its-35th-anniversary\\\/\",\"name\":\"B\u00e2tirente to plant 35 trees for its 35th anniversary! - B\u00e2tirente\",\"isPartOf\":{\"@id\":\"https:\\\/\\\/www.batirente.com\\\/#website\"},\"primaryImageOfPage\":{\"@id\":\"https:\\\/\\\/www.batirente.com\\\/en\\\/batirente-to-plant-35-trees-for-its-35th-anniversary\\\/#primaryimage\"},\"image\":{\"@id\":\"https:\\\/\\\/www.batirente.com\\\/en\\\/batirente-to-plant-35-trees-for-its-35th-anniversary\\\/#primaryimage\"},\"thumbnailUrl\":\"https:\\\/\\\/www.batirente.com\\\/wp-content\\\/uploads\\\/2022\\\/11\\\/600x400_Bannieres2.jpg\",\"datePublished\":\"2023-04-20T18:00:35+00:00\",\"dateModified\":\"2023-04-20T18:19:29+00:00\",\"breadcrumb\":{\"@id\":\"https:\\\/\\\/www.batirente.com\\\/en\\\/batirente-to-plant-35-trees-for-its-35th-anniversary\\\/#breadcrumb\"},\"inLanguage\":\"en-US\",\"potentialAction\":[{\"@type\":\"ReadAction\",\"target\":[\"https:\\\/\\\/www.batirente.com\\\/en\\\/batirente-to-plant-35-trees-for-its-35th-anniversary\\\/\"]}]},{\"@type\":\"ImageObject\",\"inLanguage\":\"en-US\",\"@id\":\"https:\\\/\\\/www.batirente.com\\\/en\\\/batirente-to-plant-35-trees-for-its-35th-anniversary\\\/#primaryimage\",\"url\":\"https:\\\/\\\/www.batirente.com\\\/wp-content\\\/uploads\\\/2022\\\/11\\\/600x400_Bannieres2.jpg\",\"contentUrl\":\"https:\\\/\\\/www.batirente.com\\\/wp-content\\\/uploads\\\/2022\\\/11\\\/600x400_Bannieres2.jpg\",\"width\":600,\"height\":400},{\"@type\":\"BreadcrumbList\",\"@id\":\"https:\\\/\\\/www.batirente.com\\\/en\\\/batirente-to-plant-35-trees-for-its-35th-anniversary\\\/#breadcrumb\",\"itemListElement\":[{\"@type\":\"ListItem\",\"position\":1,\"name\":\"Accueil\",\"item\":\"https:\\\/\\\/www.batirente.com\\\/en\\\/\"},{\"@type\":\"ListItem\",\"position\":2,\"name\":\"B\u00e2tirente to plant 35 trees for its 35th anniversary!\"}]},{\"@type\":\"WebSite\",\"@id\":\"https:\\\/\\\/www.batirente.com\\\/#website\",\"url\":\"https:\\\/\\\/www.batirente.com\\\/\",\"name\":\"B\u00e2tirente\",\"description\":\"Ma retraite. Notre force.\",\"publisher\":{\"@id\":\"https:\\\/\\\/www.batirente.com\\\/#organization\"},\"potentialAction\":[{\"@type\":\"SearchAction\",\"target\":{\"@type\":\"EntryPoint\",\"urlTemplate\":\"https:\\\/\\\/www.batirente.com\\\/?s={search_term_string}\"},\"query-input\":{\"@type\":\"PropertyValueSpecification\",\"valueRequired\":true,\"valueName\":\"search_term_string\"}}],\"inLanguage\":\"en-US\"},{\"@type\":\"Organization\",\"@id\":\"https:\\\/\\\/www.batirente.com\\\/#organization\",\"name\":\"B\u00e2tirente\",\"url\":\"https:\\\/\\\/www.batirente.com\\\/\",\"logo\":{\"@type\":\"ImageObject\",\"inLanguage\":\"en-US\",\"@id\":\"https:\\\/\\\/www.batirente.com\\\/#\\\/schema\\\/logo\\\/image\\\/\",\"url\":\"https:\\\/\\\/www.batirente.com\\\/wp-content\\\/uploads\\\/2019\\\/01\\\/2017-logo.jpg\",\"contentUrl\":\"https:\\\/\\\/www.batirente.com\\\/wp-content\\\/uploads\\\/2019\\\/01\\\/2017-logo.jpg\",\"width\":750,\"height\":450,\"caption\":\"B\u00e2tirente\"},\"image\":{\"@id\":\"https:\\\/\\\/www.batirente.com\\\/#\\\/schema\\\/logo\\\/image\\\/\"},\"sameAs\":[\"https:\\\/\\\/www.facebook.com\\\/batirente\\\/\",\"https:\\\/\\\/x.com\\\/Batirente\",\"https:\\\/\\\/www.linkedin.com\\\/company\\\/batirente\"]},{\"@type\":\"Person\",\"@id\":\"https:\\\/\\\/www.batirente.com\\\/#\\\/schema\\\/person\\\/66c0d10676e27280fc75c5e5282d9c8f\",\"name\":\"Evelyne Clermont\"}]}<\/script>\n<!-- \/ Yoast SEO plugin. -->","yoast_head_json":{"title":"B\u00e2tirente to plant 35 trees for its 35th anniversary! - B\u00e2tirente","robots":{"index":"index","follow":"follow","max-snippet":"max-snippet:-1","max-image-preview":"max-image-preview:large","max-video-preview":"max-video-preview:-1"},"canonical":"https:\/\/www.batirente.com\/en\/batirente-to-plant-35-trees-for-its-35th-anniversary\/","og_locale":"en_US","og_type":"article","og_title":"B\u00e2tirente to plant 35 trees for its 35th anniversary! - B\u00e2tirente","og_description":"On the occasion of Earth Day on April 22nd, B\u00e2tirente is announcing that it will plant 35\u00a0trees this spring as part of the celebrations marking its 35th anniversary. Committed to climate protection since its founding, B\u00e2tirente will make a concrete gesture in the fight against climate change to counter urban heat islands in Montr\u00e9al. This operation will take place thanks to the expertise of Soverdi, a B\u00e2tirente member group, whose mission these past 30 years has been to grow the urban forest to improve the population\u2019s health and quality of life.","og_url":"https:\/\/www.batirente.com\/en\/batirente-to-plant-35-trees-for-its-35th-anniversary\/","og_site_name":"B\u00e2tirente","article_publisher":"https:\/\/www.facebook.com\/batirente\/","article_published_time":"2023-04-20T18:00:35+00:00","article_modified_time":"2023-04-20T18:19:29+00:00","og_image":[{"width":600,"height":400,"url":"https:\/\/www.batirente.com\/wp-content\/uploads\/2022\/11\/600x400_Bannieres2.jpg","type":"image\/jpeg"}],"author":"Evelyne Clermont","twitter_card":"summary_large_image","twitter_creator":"@Batirente","twitter_site":"@Batirente","twitter_misc":{"Written by":"Evelyne Clermont","Est. reading time":"2 minutes"},"schema":{"@context":"https:\/\/schema.org","@graph":[{"@type":"Article","@id":"https:\/\/www.batirente.com\/en\/batirente-to-plant-35-trees-for-its-35th-anniversary\/#article","isPartOf":{"@id":"https:\/\/www.batirente.com\/en\/batirente-to-plant-35-trees-for-its-35th-anniversary\/"},"author":{"name":"Evelyne Clermont","@id":"https:\/\/www.batirente.com\/#\/schema\/person\/66c0d10676e27280fc75c5e5282d9c8f"},"headline":"B\u00e2tirente to plant 35 trees for its 35th anniversary!","datePublished":"2023-04-20T18:00:35+00:00","dateModified":"2023-04-20T18:19:29+00:00","mainEntityOfPage":{"@id":"https:\/\/www.batirente.com\/en\/batirente-to-plant-35-trees-for-its-35th-anniversary\/"},"wordCount":314,"publisher":{"@id":"https:\/\/www.batirente.com\/#organization"},"image":{"@id":"https:\/\/www.batirente.com\/en\/batirente-to-plant-35-trees-for-its-35th-anniversary\/#primaryimage"},"thumbnailUrl":"https:\/\/www.batirente.com\/wp-content\/uploads\/2022\/11\/600x400_Bannieres2.jpg","articleSection":["Press Releases"],"inLanguage":"en-US"},{"@type":"WebPage","@id":"https:\/\/www.batirente.com\/en\/batirente-to-plant-35-trees-for-its-35th-anniversary\/","url":"https:\/\/www.batirente.com\/en\/batirente-to-plant-35-trees-for-its-35th-anniversary\/","name":"B\u00e2tirente to plant 35 trees for its 35th anniversary! - B\u00e2tirente","isPartOf":{"@id":"https:\/\/www.batirente.com\/#website"},"primaryImageOfPage":{"@id":"https:\/\/www.batirente.com\/en\/batirente-to-plant-35-trees-for-its-35th-anniversary\/#primaryimage"},"image":{"@id":"https:\/\/www.batirente.com\/en\/batirente-to-plant-35-trees-for-its-35th-anniversary\/#primaryimage"},"thumbnailUrl":"https:\/\/www.batirente.com\/wp-content\/uploads\/2022\/11\/600x400_Bannieres2.jpg","datePublished":"2023-04-20T18:00:35+00:00","dateModified":"2023-04-20T18:19:29+00:00","breadcrumb":{"@id":"https:\/\/www.batirente.com\/en\/batirente-to-plant-35-trees-for-its-35th-anniversary\/#breadcrumb"},"inLanguage":"en-US","potentialAction":[{"@type":"ReadAction","target":["https:\/\/www.batirente.com\/en\/batirente-to-plant-35-trees-for-its-35th-anniversary\/"]}]},{"@type":"ImageObject","inLanguage":"en-US","@id":"https:\/\/www.batirente.com\/en\/batirente-to-plant-35-trees-for-its-35th-anniversary\/#primaryimage","url":"https:\/\/www.batirente.com\/wp-content\/uploads\/2022\/11\/600x400_Bannieres2.jpg","contentUrl":"https:\/\/www.batirente.com\/wp-content\/uploads\/2022\/11\/600x400_Bannieres2.jpg","width":600,"height":400},{"@type":"BreadcrumbList","@id":"https:\/\/www.batirente.com\/en\/batirente-to-plant-35-trees-for-its-35th-anniversary\/#breadcrumb","itemListElement":[{"@type":"ListItem","position":1,"name":"Accueil","item":"https:\/\/www.batirente.com\/en\/"},{"@type":"ListItem","position":2,"name":"B\u00e2tirente to plant 35 trees for its 35th anniversary!"}]},{"@type":"WebSite","@id":"https:\/\/www.batirente.com\/#website","url":"https:\/\/www.batirente.com\/","name":"B\u00e2tirente","description":"Ma retraite. Notre force.","publisher":{"@id":"https:\/\/www.batirente.com\/#organization"},"potentialAction":[{"@type":"SearchAction","target":{"@type":"EntryPoint","urlTemplate":"https:\/\/www.batirente.com\/?s={search_term_string}"},"query-input":{"@type":"PropertyValueSpecification","valueRequired":true,"valueName":"search_term_string"}}],"inLanguage":"en-US"},{"@type":"Organization","@id":"https:\/\/www.batirente.com\/#organization","name":"B\u00e2tirente","url":"https:\/\/www.batirente.com\/","logo":{"@type":"ImageObject","inLanguage":"en-US","@id":"https:\/\/www.batirente.com\/#\/schema\/logo\/image\/","url":"https:\/\/www.batirente.com\/wp-content\/uploads\/2019\/01\/2017-logo.jpg","contentUrl":"https:\/\/www.batirente.com\/wp-content\/uploads\/2019\/01\/2017-logo.jpg","width":750,"height":450,"caption":"B\u00e2tirente"},"image":{"@id":"https:\/\/www.batirente.com\/#\/schema\/logo\/image\/"},"sameAs":["https:\/\/www.facebook.com\/batirente\/","https:\/\/x.com\/Batirente","https:\/\/www.linkedin.com\/company\/batirente"]},{"@type":"Person","@id":"https:\/\/www.batirente.com\/#\/schema\/person\/66c0d10676e27280fc75c5e5282d9c8f","name":"Evelyne Clermont"}]}},"_links":{"self":[{"href":"https:\/\/www.batirente.com\/en\/wp-json\/wp\/v2\/posts\/9179","targetHints":{"allow":["GET"]}}],"collection":[{"href":"https:\/\/www.batirente.com\/en\/wp-json\/wp\/v2\/posts"}],"about":[{"href":"https:\/\/www.batirente.com\/en\/wp-json\/wp\/v2\/types\/post"}],"author":[{"embeddable":true,"href":"https:\/\/www.batirente.com\/en\/wp-json\/wp\/v2\/users\/3"}],"replies":[{"embeddable":true,"href":"https:\/\/www.batirente.com\/en\/wp-json\/wp\/v2\/comments?post=9179"}],"version-history":[{"count":0,"href":"https:\/\/www.batirente.com\/en\/wp-json\/wp\/v2\/posts\/9179\/revisions"}],"wp:featuredmedia":[{"embeddable":true,"href":"https:\/\/www.batirente.com\/en\/wp-json\/wp\/v2\/media\/8808"}],"wp:attachment":[{"href":"https:\/\/www.batirente.com\/en\/wp-json\/wp\/v2\/media?parent=9179"}],"wp:term":[{"taxonomy":"category","embeddable":true,"href":"https:\/\/www.batirente.com\/en\/wp-json\/wp\/v2\/categories?post=9179"},{"taxonomy":"post_tag","embeddable":true,"href":"https:\/\/www.batirente.com\/en\/wp-json\/wp\/v2\/tags?post=9179"}],"curies":[{"name":"wp","href":"https:\/\/api.w.org\/{rel}","templated":true}]}}