{"id":918,"date":"2018-12-12T11:44:25","date_gmt":"2018-12-12T16:44:25","guid":{"rendered":"https:\/\/batirente.progexia.com\/fonds-batirente-une-offre-renforcee-a-la-retraite-et-en-investissement-responsable\/"},"modified":"2021-02-04T14:14:25","modified_gmt":"2021-02-04T19:14:25","slug":"fonds-batirente-une-offre-renforcee-a-la-retraite-et-en-investissement-responsable","status":"publish","type":"post","link":"https:\/\/www.batirente.com\/en\/fonds-batirente-une-offre-renforcee-a-la-retraite-et-en-investissement-responsable\/","title":{"rendered":"Fonds B\u00e2tirente : une offre renforc\u00e9e \u00e0 la retraite et en investissement responsable"},"content":{"rendered":"<p>C\u2019est afin de refl\u00e9ter les nouvelles tendances des march\u00e9s financiers dans sa r\u00e9partition d\u2019actifs strat\u00e9gique que B\u00e2tirente entreprend r\u00e9guli\u00e8rement un exercice d\u2019optimisation de ses Fonds diversifi\u00e9s.<\/p>\n<p>L\u2019exercice 2018 a pour r\u00e9sultat de renforcer le leadership de B\u00e2tirente dans l\u2019accompagnement de ses membres \u00e0 la retraite et dans la sph\u00e8re de l\u2019investissement responsable. Plus particuli\u00e8rement, les r\u00e9sultats de cette optimisation ont 3 impacts importants pour nos membres.<\/p>\n<p><strong>Renforcement de notre leadership dans l\u2019accompagnement de nos membres vers la retraite<\/strong><\/p>\n<p>B\u00e2tirente conna\u00eet une augmentation constante de son nombre de retrait\u00e9s. En 2018, 35 % du total de nos membres ont 55 ans et plus. Cette croissance s\u2019appuie sur la volont\u00e9 forte de B\u00e2tirente d\u2019innover pour r\u00e9pondre \u00e0 leurs besoins. Les Fonds diversifi\u00e9s Revenu et Patrimonial ont \u00e9t\u00e9 optimis\u00e9s pour la p\u00e9riode de d\u00e9caissement et Trajectoire, notre strat\u00e9gie de placement cl\u00e9 en main, a \u00e9galement \u00e9t\u00e9 bonifi\u00e9e.<\/p>\n<p><strong>Am\u00e9lioration de la gestion strat\u00e9gique des risques, notamment des risques extra-financiers<\/strong><\/p>\n<p>Pour mettre en \u0153uvre les r\u00e9sultats de l\u2019optimisation, de nombreux changements ont \u00e9t\u00e9 apport\u00e9s aux Fonds multi. De plus, le fonds Obligations aura une plus grande part de son actif investi dans les Obligations vertes.<\/p>\n<p><strong>Accroissement de notre leadership en investissement responsable<\/strong><\/p>\n<p>Notre action en investissement responsable repose sur 4 piliers que sont investir, engager, mesurer et collaborer. Dans le cadre de l\u2019optimisation de nos fonds diversifi\u00e9s, plusieurs d\u00e9cisions viennent accro\u00eetre notre leadership en coh\u00e9rence avec nos 4 axes d\u2019intervention. Ainsi :<\/p>\n<ul>\n<li>L\u2019actif total sous gestion de B\u00e2tirente en investissement d\u2019impact est en hausse et atteint pr\u00e8s de 11 % ou 68M$;<\/li>\n<li>25% des actifs sont d\u00e9sormais sous engagement actionnarial en partenariat avec \u00c6quo Services d\u2019engagement actionnarial;<\/li>\n<li>La cible du Fonds Croissance durable a \u00e9t\u00e9 augment\u00e9 dans le Fonds B\u00e2tirente Actions mondiales multi et atteint 10%;<\/li>\n<li>Enfin, 81% des actifs sont g\u00e9r\u00e9s par des gestionnaires qui int\u00e8grent les crit\u00e8res ESG \u00e0 leur processus de gestion.<\/li>\n<\/ul>\n<p><strong>\u00c0 propos de B\u00e2tirente<\/strong><\/p>\n<p>B\u00e2tirente est un syst\u00e8me de retraite collectif mis sur pied en 1987 \u00e0 l\u2019initiative de la CSN. Il permet \u00e0 20 000 travailleurs, regroup\u00e9s au sein de 300 syndicats, de profiter de r\u00e9gimes de retraite adapt\u00e9s \u00e0 leurs besoins en misant sur la mise en commun de leur \u00e9pargne.<\/p>\n<p>Pionnier dans le domaine de l\u2019investissement responsable au Qu\u00e9bec, B\u00e2tirente croit qu\u2019une gestion active des risques environnementaux, sociaux et de gouvernance (ESG) des entreprises repr\u00e9sent\u00e9es dans ses portefeuilles contribue \u00e0 la saine capitalisation de la retraite ainsi qu\u2019au d\u00e9veloppement \u00e9conomique et social \u00e0 long terme, lesquels sont requis pour une performance financi\u00e8re durable.<\/p>\n<p style=\"text-align: center;\">-30-<\/p>\n<p><strong>Pour information :<\/strong><br \/>\nKatya Vanbeselaere<br \/>\nResponsable des communications<br \/>\n514 525-5740 poste 2425<br \/>\n<a href=\"mailto:kv@batirente.qc.ca\">kv@batirente.qc.ca<\/a><\/p>\n","protected":false},"excerpt":{"rendered":"<p>C\u2019est afin de refl\u00e9ter les nouvelles tendances des march\u00e9s financiers dans sa r\u00e9partition d\u2019actifs strat\u00e9gique que B\u00e2tirente entreprend r\u00e9guli\u00e8rement un exercice d\u2019optimisation de ses Fonds diversifi\u00e9s.<\/p>\n","protected":false},"author":4,"featured_media":0,"comment_status":"closed","ping_status":"closed","sticky":false,"template":"","format":"standard","meta":{"_acf_changed":false,"_et_pb_use_builder":"","_et_pb_old_content":"","_et_gb_content_width":"","inline_featured_image":false,"footnotes":""},"categories":[61],"tags":[],"class_list":["post-918","post","type-post","status-publish","format-standard","hentry","category-press-releases"],"acf":[],"yoast_head":"<!-- This site is optimized with the Yoast SEO plugin v27.3 - https:\/\/yoast.com\/product\/yoast-seo-wordpress\/ -->\n<title>Fonds B\u00e2tirente : une offre renforc\u00e9e \u00e0 la retraite et en investissement responsable - B\u00e2tirente<\/title>\n<meta name=\"robots\" content=\"index, follow, max-snippet:-1, max-image-preview:large, max-video-preview:-1\" \/>\n<link rel=\"canonical\" href=\"https:\/\/www.batirente.com\/en\/fonds-batirente-une-offre-renforcee-a-la-retraite-et-en-investissement-responsable\/\" \/>\n<meta property=\"og:locale\" content=\"en_US\" \/>\n<meta property=\"og:type\" content=\"article\" \/>\n<meta property=\"og:title\" content=\"Fonds B\u00e2tirente : une offre renforc\u00e9e \u00e0 la retraite et en investissement responsable - B\u00e2tirente\" \/>\n<meta property=\"og:description\" content=\"C\u2019est afin de refl\u00e9ter les nouvelles tendances des march\u00e9s financiers dans sa r\u00e9partition d\u2019actifs strat\u00e9gique que B\u00e2tirente entreprend r\u00e9guli\u00e8rement un exercice d\u2019optimisation de ses Fonds diversifi\u00e9s.\" \/>\n<meta property=\"og:url\" content=\"https:\/\/www.batirente.com\/en\/fonds-batirente-une-offre-renforcee-a-la-retraite-et-en-investissement-responsable\/\" \/>\n<meta property=\"og:site_name\" content=\"B\u00e2tirente\" \/>\n<meta property=\"article:publisher\" content=\"https:\/\/www.facebook.com\/batirente\/\" \/>\n<meta property=\"article:published_time\" content=\"2018-12-12T16:44:25+00:00\" \/>\n<meta property=\"article:modified_time\" content=\"2021-02-04T19:14:25+00:00\" \/>\n<meta name=\"author\" content=\"B\u00e2tirente\" \/>\n<meta name=\"twitter:card\" content=\"summary_large_image\" \/>\n<meta name=\"twitter:creator\" content=\"@Batirente\" \/>\n<meta name=\"twitter:site\" content=\"@Batirente\" \/>\n<meta name=\"twitter:label1\" content=\"Written by\" \/>\n\t<meta name=\"twitter:data1\" content=\"B\u00e2tirente\" \/>\n\t<meta name=\"twitter:label2\" content=\"Est. reading time\" \/>\n\t<meta name=\"twitter:data2\" content=\"2 minutes\" \/>\n<script type=\"application\/ld+json\" class=\"yoast-schema-graph\">{\"@context\":\"https:\\\/\\\/schema.org\",\"@graph\":[{\"@type\":\"Article\",\"@id\":\"https:\\\/\\\/www.batirente.com\\\/en\\\/fonds-batirente-une-offre-renforcee-a-la-retraite-et-en-investissement-responsable\\\/#article\",\"isPartOf\":{\"@id\":\"https:\\\/\\\/www.batirente.com\\\/en\\\/fonds-batirente-une-offre-renforcee-a-la-retraite-et-en-investissement-responsable\\\/\"},\"author\":{\"name\":\"B\u00e2tirente\",\"@id\":\"https:\\\/\\\/www.batirente.com\\\/#\\\/schema\\\/person\\\/b4b3fd742d0864b1c7ec75612c810152\"},\"headline\":\"Fonds B\u00e2tirente : une offre renforc\u00e9e \u00e0 la retraite et en investissement responsable\",\"datePublished\":\"2018-12-12T16:44:25+00:00\",\"dateModified\":\"2021-02-04T19:14:25+00:00\",\"mainEntityOfPage\":{\"@id\":\"https:\\\/\\\/www.batirente.com\\\/en\\\/fonds-batirente-une-offre-renforcee-a-la-retraite-et-en-investissement-responsable\\\/\"},\"wordCount\":488,\"publisher\":{\"@id\":\"https:\\\/\\\/www.batirente.com\\\/#organization\"},\"articleSection\":[\"Press Releases\"],\"inLanguage\":\"en-US\"},{\"@type\":\"WebPage\",\"@id\":\"https:\\\/\\\/www.batirente.com\\\/en\\\/fonds-batirente-une-offre-renforcee-a-la-retraite-et-en-investissement-responsable\\\/\",\"url\":\"https:\\\/\\\/www.batirente.com\\\/en\\\/fonds-batirente-une-offre-renforcee-a-la-retraite-et-en-investissement-responsable\\\/\",\"name\":\"Fonds B\u00e2tirente : une offre renforc\u00e9e \u00e0 la retraite et en investissement responsable - B\u00e2tirente\",\"isPartOf\":{\"@id\":\"https:\\\/\\\/www.batirente.com\\\/#website\"},\"datePublished\":\"2018-12-12T16:44:25+00:00\",\"dateModified\":\"2021-02-04T19:14:25+00:00\",\"breadcrumb\":{\"@id\":\"https:\\\/\\\/www.batirente.com\\\/en\\\/fonds-batirente-une-offre-renforcee-a-la-retraite-et-en-investissement-responsable\\\/#breadcrumb\"},\"inLanguage\":\"en-US\",\"potentialAction\":[{\"@type\":\"ReadAction\",\"target\":[\"https:\\\/\\\/www.batirente.com\\\/en\\\/fonds-batirente-une-offre-renforcee-a-la-retraite-et-en-investissement-responsable\\\/\"]}]},{\"@type\":\"BreadcrumbList\",\"@id\":\"https:\\\/\\\/www.batirente.com\\\/en\\\/fonds-batirente-une-offre-renforcee-a-la-retraite-et-en-investissement-responsable\\\/#breadcrumb\",\"itemListElement\":[{\"@type\":\"ListItem\",\"position\":1,\"name\":\"Accueil\",\"item\":\"https:\\\/\\\/www.batirente.com\\\/en\\\/\"},{\"@type\":\"ListItem\",\"position\":2,\"name\":\"Fonds B\u00e2tirente : une offre renforc\u00e9e \u00e0 la retraite et en investissement responsable\"}]},{\"@type\":\"WebSite\",\"@id\":\"https:\\\/\\\/www.batirente.com\\\/#website\",\"url\":\"https:\\\/\\\/www.batirente.com\\\/\",\"name\":\"B\u00e2tirente\",\"description\":\"Ma retraite. Notre force.\",\"publisher\":{\"@id\":\"https:\\\/\\\/www.batirente.com\\\/#organization\"},\"potentialAction\":[{\"@type\":\"SearchAction\",\"target\":{\"@type\":\"EntryPoint\",\"urlTemplate\":\"https:\\\/\\\/www.batirente.com\\\/?s={search_term_string}\"},\"query-input\":{\"@type\":\"PropertyValueSpecification\",\"valueRequired\":true,\"valueName\":\"search_term_string\"}}],\"inLanguage\":\"en-US\"},{\"@type\":\"Organization\",\"@id\":\"https:\\\/\\\/www.batirente.com\\\/#organization\",\"name\":\"B\u00e2tirente\",\"url\":\"https:\\\/\\\/www.batirente.com\\\/\",\"logo\":{\"@type\":\"ImageObject\",\"inLanguage\":\"en-US\",\"@id\":\"https:\\\/\\\/www.batirente.com\\\/#\\\/schema\\\/logo\\\/image\\\/\",\"url\":\"https:\\\/\\\/www.batirente.com\\\/wp-content\\\/uploads\\\/2019\\\/01\\\/2017-logo.jpg\",\"contentUrl\":\"https:\\\/\\\/www.batirente.com\\\/wp-content\\\/uploads\\\/2019\\\/01\\\/2017-logo.jpg\",\"width\":750,\"height\":450,\"caption\":\"B\u00e2tirente\"},\"image\":{\"@id\":\"https:\\\/\\\/www.batirente.com\\\/#\\\/schema\\\/logo\\\/image\\\/\"},\"sameAs\":[\"https:\\\/\\\/www.facebook.com\\\/batirente\\\/\",\"https:\\\/\\\/x.com\\\/Batirente\",\"https:\\\/\\\/www.linkedin.com\\\/company\\\/batirente\"]},{\"@type\":\"Person\",\"@id\":\"https:\\\/\\\/www.batirente.com\\\/#\\\/schema\\\/person\\\/b4b3fd742d0864b1c7ec75612c810152\",\"name\":\"B\u00e2tirente\"}]}<\/script>\n<!-- \/ Yoast SEO plugin. -->","yoast_head_json":{"title":"Fonds B\u00e2tirente : une offre renforc\u00e9e \u00e0 la retraite et en investissement responsable - B\u00e2tirente","robots":{"index":"index","follow":"follow","max-snippet":"max-snippet:-1","max-image-preview":"max-image-preview:large","max-video-preview":"max-video-preview:-1"},"canonical":"https:\/\/www.batirente.com\/en\/fonds-batirente-une-offre-renforcee-a-la-retraite-et-en-investissement-responsable\/","og_locale":"en_US","og_type":"article","og_title":"Fonds B\u00e2tirente : une offre renforc\u00e9e \u00e0 la retraite et en investissement responsable - B\u00e2tirente","og_description":"C\u2019est afin de refl\u00e9ter les nouvelles tendances des march\u00e9s financiers dans sa r\u00e9partition d\u2019actifs strat\u00e9gique que B\u00e2tirente entreprend r\u00e9guli\u00e8rement un exercice d\u2019optimisation de ses Fonds diversifi\u00e9s.","og_url":"https:\/\/www.batirente.com\/en\/fonds-batirente-une-offre-renforcee-a-la-retraite-et-en-investissement-responsable\/","og_site_name":"B\u00e2tirente","article_publisher":"https:\/\/www.facebook.com\/batirente\/","article_published_time":"2018-12-12T16:44:25+00:00","article_modified_time":"2021-02-04T19:14:25+00:00","author":"B\u00e2tirente","twitter_card":"summary_large_image","twitter_creator":"@Batirente","twitter_site":"@Batirente","twitter_misc":{"Written by":"B\u00e2tirente","Est. reading time":"2 minutes"},"schema":{"@context":"https:\/\/schema.org","@graph":[{"@type":"Article","@id":"https:\/\/www.batirente.com\/en\/fonds-batirente-une-offre-renforcee-a-la-retraite-et-en-investissement-responsable\/#article","isPartOf":{"@id":"https:\/\/www.batirente.com\/en\/fonds-batirente-une-offre-renforcee-a-la-retraite-et-en-investissement-responsable\/"},"author":{"name":"B\u00e2tirente","@id":"https:\/\/www.batirente.com\/#\/schema\/person\/b4b3fd742d0864b1c7ec75612c810152"},"headline":"Fonds B\u00e2tirente : une offre renforc\u00e9e \u00e0 la retraite et en investissement responsable","datePublished":"2018-12-12T16:44:25+00:00","dateModified":"2021-02-04T19:14:25+00:00","mainEntityOfPage":{"@id":"https:\/\/www.batirente.com\/en\/fonds-batirente-une-offre-renforcee-a-la-retraite-et-en-investissement-responsable\/"},"wordCount":488,"publisher":{"@id":"https:\/\/www.batirente.com\/#organization"},"articleSection":["Press Releases"],"inLanguage":"en-US"},{"@type":"WebPage","@id":"https:\/\/www.batirente.com\/en\/fonds-batirente-une-offre-renforcee-a-la-retraite-et-en-investissement-responsable\/","url":"https:\/\/www.batirente.com\/en\/fonds-batirente-une-offre-renforcee-a-la-retraite-et-en-investissement-responsable\/","name":"Fonds B\u00e2tirente : une offre renforc\u00e9e \u00e0 la retraite et en investissement responsable - B\u00e2tirente","isPartOf":{"@id":"https:\/\/www.batirente.com\/#website"},"datePublished":"2018-12-12T16:44:25+00:00","dateModified":"2021-02-04T19:14:25+00:00","breadcrumb":{"@id":"https:\/\/www.batirente.com\/en\/fonds-batirente-une-offre-renforcee-a-la-retraite-et-en-investissement-responsable\/#breadcrumb"},"inLanguage":"en-US","potentialAction":[{"@type":"ReadAction","target":["https:\/\/www.batirente.com\/en\/fonds-batirente-une-offre-renforcee-a-la-retraite-et-en-investissement-responsable\/"]}]},{"@type":"BreadcrumbList","@id":"https:\/\/www.batirente.com\/en\/fonds-batirente-une-offre-renforcee-a-la-retraite-et-en-investissement-responsable\/#breadcrumb","itemListElement":[{"@type":"ListItem","position":1,"name":"Accueil","item":"https:\/\/www.batirente.com\/en\/"},{"@type":"ListItem","position":2,"name":"Fonds B\u00e2tirente : une offre renforc\u00e9e \u00e0 la retraite et en investissement responsable"}]},{"@type":"WebSite","@id":"https:\/\/www.batirente.com\/#website","url":"https:\/\/www.batirente.com\/","name":"B\u00e2tirente","description":"Ma retraite. Notre force.","publisher":{"@id":"https:\/\/www.batirente.com\/#organization"},"potentialAction":[{"@type":"SearchAction","target":{"@type":"EntryPoint","urlTemplate":"https:\/\/www.batirente.com\/?s={search_term_string}"},"query-input":{"@type":"PropertyValueSpecification","valueRequired":true,"valueName":"search_term_string"}}],"inLanguage":"en-US"},{"@type":"Organization","@id":"https:\/\/www.batirente.com\/#organization","name":"B\u00e2tirente","url":"https:\/\/www.batirente.com\/","logo":{"@type":"ImageObject","inLanguage":"en-US","@id":"https:\/\/www.batirente.com\/#\/schema\/logo\/image\/","url":"https:\/\/www.batirente.com\/wp-content\/uploads\/2019\/01\/2017-logo.jpg","contentUrl":"https:\/\/www.batirente.com\/wp-content\/uploads\/2019\/01\/2017-logo.jpg","width":750,"height":450,"caption":"B\u00e2tirente"},"image":{"@id":"https:\/\/www.batirente.com\/#\/schema\/logo\/image\/"},"sameAs":["https:\/\/www.facebook.com\/batirente\/","https:\/\/x.com\/Batirente","https:\/\/www.linkedin.com\/company\/batirente"]},{"@type":"Person","@id":"https:\/\/www.batirente.com\/#\/schema\/person\/b4b3fd742d0864b1c7ec75612c810152","name":"B\u00e2tirente"}]}},"_links":{"self":[{"href":"https:\/\/www.batirente.com\/en\/wp-json\/wp\/v2\/posts\/918","targetHints":{"allow":["GET"]}}],"collection":[{"href":"https:\/\/www.batirente.com\/en\/wp-json\/wp\/v2\/posts"}],"about":[{"href":"https:\/\/www.batirente.com\/en\/wp-json\/wp\/v2\/types\/post"}],"author":[{"embeddable":true,"href":"https:\/\/www.batirente.com\/en\/wp-json\/wp\/v2\/users\/4"}],"replies":[{"embeddable":true,"href":"https:\/\/www.batirente.com\/en\/wp-json\/wp\/v2\/comments?post=918"}],"version-history":[{"count":0,"href":"https:\/\/www.batirente.com\/en\/wp-json\/wp\/v2\/posts\/918\/revisions"}],"wp:attachment":[{"href":"https:\/\/www.batirente.com\/en\/wp-json\/wp\/v2\/media?parent=918"}],"wp:term":[{"taxonomy":"category","embeddable":true,"href":"https:\/\/www.batirente.com\/en\/wp-json\/wp\/v2\/categories?post=918"},{"taxonomy":"post_tag","embeddable":true,"href":"https:\/\/www.batirente.com\/en\/wp-json\/wp\/v2\/tags?post=918"}],"curies":[{"name":"wp","href":"https:\/\/api.w.org\/{rel}","templated":true}]}}