{"id":921,"date":"2019-01-15T11:56:07","date_gmt":"2019-01-15T16:56:07","guid":{"rendered":"https:\/\/batirente.progexia.com\/le-chaud-et-le-froid-garder-loeil-sur-lobjectif\/"},"modified":"2019-01-25T15:23:28","modified_gmt":"2019-01-25T20:23:28","slug":"le-chaud-et-le-froid-garder-loeil-sur-lobjectif","status":"publish","type":"post","link":"https:\/\/www.batirente.com\/en\/le-chaud-et-le-froid-garder-loeil-sur-lobjectif\/","title":{"rendered":"Le chaud et le froid : garder l\u2019\u0153il sur l\u2019objectif"},"content":{"rendered":"<p>Au cours des derniers mois, plusieurs \u00e9v\u00e9nements susceptibles d\u2019affecter l\u2019\u00e9conomie ont fait les manchettes : hausse des taux d\u2019int\u00e9r\u00eat, ouragans et tensions politiques notamment en Cor\u00e9e du Nord. Les grands titres r\u00e9sonnent diff\u00e9remment selon les sujets. Et, on le sait, les mauvaises nouvelles retiennent souvent plus l\u2019attention. C\u2019est le cas ces derniers jours des nouvelles \u00e9conomiques canadiennes et de la hausse des taux d\u2019int\u00e9r\u00eat.<\/p>\n<p>En quelques mots, l\u2019\u00e9conomie canadienne se porte bien, si bien que la Banque du Canada en profite pour normaliser sa politique mon\u00e9taire et hausser graduellement les taux d\u2019int\u00e9r\u00eat. Les m\u00e9dias ont fait \u00e9cho de cette hausse parfois sans faire le lien avec la sant\u00e9 de notre \u00e9conomie. Ce qu\u2019il faut retenir ici est que les hausses seront graduelles. Par ailleurs, l\u2019emploi et la production augmentent, le taux de ch\u00f4mage est \u00e0 son plus bas au Qu\u00e9bec et l\u2019inflation est faible, malgr\u00e9 la hausse temporaire du prix de l\u2019essence.<\/p>\n<p>Dans le monde, malgr\u00e9 les in\u00e9vitables hauts et bas que subissent les bourses au quotidien, les march\u00e9s financiers r\u00e9sistent relativement bien tant aux chocs de la m\u00e9t\u00e9o qu\u2019\u00e0 ceux de la g\u00e9opolitique mondiale.<\/p>\n<p><strong>B\u00e2tirente suit la situation de pr\u00e8s<\/strong><\/p>\n<p>Au cours des derniers mois et avec prudence, le comit\u00e9 de placement de B\u00e2tirente a renforc\u00e9 l\u2019aspect d\u00e9fensif des fonds. Ainsi, nous sommes en bonne position pour naviguer \u00e0 travers les soubresauts des march\u00e9s. De plus, nous demeurons attentifs \u00e0 tout d\u00e9veloppement sur les march\u00e9s et avons \u00e0 notre disposition des outils pour r\u00e9agir en cas de besoin.<\/p>\n<p>En tant que membre de B\u00e2tirente, il est important que vous gardiez le cap sur vos objectifs \u00e0 long terme pour planifier votre retraite. Il est in\u00e9vitable, dans des fonds investis dans les march\u00e9s boursiers, qu\u2019il y ait de bonnes p\u00e9riodes et, malgr\u00e9 tous nos efforts, d\u2019autres plus turbulentes. Il est donc essentiel de garder la t\u00eate froide en tout temps. Pour ce faire, des gestes simples pourront vous permettre de faire face aux nouvelles et de juger globalement de leur impact sur l\u2019atteinte de vos objectifs de retraite :<\/p>\n<ul>\n<li>Assurez-vous que votre profil d\u2019investisseur soit \u00e0 jour et que vos placements soient en ligne avec celui-ci;<\/li>\n<li>Compl\u00e9tez votre Objectif retraite<sup><small>MD<\/small><\/sup> pour suivre en ligne l\u2019\u00e9volution de l\u2019atteinte de vos objectifs de retraite.<\/li>\n<\/ul>\n<p>Pour en savoir plus sur ces gestes simples, allez sans tarder au www.batirente.com et cliquez sur le bouton Mon compte pour avoir acc\u00e8s \u00e0 toute votre information.<\/p>\n<p><strong>Centre de Services aux membres de B\u00e2tirente : 1 800 463-6984 du lundi au vendredi de 8 h \u00e0 20 h<\/strong><\/p>\n<p><em><sup><small>MD<\/small><\/sup> Marque de commerce, propri\u00e9t\u00e9 de Desjardins S\u00e9curit\u00e9 financi\u00e8re, compagnie d\u2019assurance vie<\/em><\/p>\n","protected":false},"excerpt":{"rendered":"<p>Au cours des derniers mois, plusieurs \u00e9v\u00e9nements susceptibles d\u2019affecter l\u2019\u00e9conomie ont fait les manchettes. C\u2019est le cas ces derniers jours des nouvelles \u00e9conomiques canadiennes et de la hausse des taux d\u2019int\u00e9r\u00eat.<\/p>\n","protected":false},"author":4,"featured_media":0,"comment_status":"closed","ping_status":"closed","sticky":false,"template":"","format":"standard","meta":{"_acf_changed":false,"_et_pb_use_builder":"","_et_pb_old_content":"","_et_gb_content_width":"","inline_featured_image":false,"footnotes":""},"categories":[61],"tags":[],"class_list":["post-921","post","type-post","status-publish","format-standard","hentry","category-press-releases"],"acf":[],"yoast_head":"<!-- This site is optimized with the Yoast SEO plugin v27.3 - https:\/\/yoast.com\/product\/yoast-seo-wordpress\/ -->\n<title>Le chaud et le froid : garder l\u2019\u0153il sur l\u2019objectif - B\u00e2tirente<\/title>\n<meta name=\"robots\" content=\"index, follow, max-snippet:-1, max-image-preview:large, max-video-preview:-1\" \/>\n<link rel=\"canonical\" href=\"https:\/\/www.batirente.com\/en\/le-chaud-et-le-froid-garder-loeil-sur-lobjectif\/\" \/>\n<meta property=\"og:locale\" content=\"en_US\" \/>\n<meta property=\"og:type\" content=\"article\" \/>\n<meta property=\"og:title\" content=\"Le chaud et le froid : garder l\u2019\u0153il sur l\u2019objectif - B\u00e2tirente\" \/>\n<meta property=\"og:description\" content=\"Au cours des derniers mois, plusieurs \u00e9v\u00e9nements susceptibles d\u2019affecter l\u2019\u00e9conomie ont fait les manchettes. C\u2019est le cas ces derniers jours des nouvelles \u00e9conomiques canadiennes et de la hausse des taux d\u2019int\u00e9r\u00eat.\" \/>\n<meta property=\"og:url\" content=\"https:\/\/www.batirente.com\/en\/le-chaud-et-le-froid-garder-loeil-sur-lobjectif\/\" \/>\n<meta property=\"og:site_name\" content=\"B\u00e2tirente\" \/>\n<meta property=\"article:publisher\" content=\"https:\/\/www.facebook.com\/batirente\/\" \/>\n<meta property=\"article:published_time\" content=\"2019-01-15T16:56:07+00:00\" \/>\n<meta property=\"article:modified_time\" content=\"2019-01-25T20:23:28+00:00\" \/>\n<meta name=\"author\" content=\"B\u00e2tirente\" \/>\n<meta name=\"twitter:card\" content=\"summary_large_image\" \/>\n<meta name=\"twitter:creator\" content=\"@Batirente\" \/>\n<meta name=\"twitter:site\" content=\"@Batirente\" \/>\n<meta name=\"twitter:label1\" content=\"Written by\" \/>\n\t<meta name=\"twitter:data1\" content=\"B\u00e2tirente\" \/>\n\t<meta name=\"twitter:label2\" content=\"Est. reading time\" \/>\n\t<meta name=\"twitter:data2\" content=\"2 minutes\" \/>\n<script type=\"application\/ld+json\" class=\"yoast-schema-graph\">{\"@context\":\"https:\\\/\\\/schema.org\",\"@graph\":[{\"@type\":\"Article\",\"@id\":\"https:\\\/\\\/www.batirente.com\\\/en\\\/le-chaud-et-le-froid-garder-loeil-sur-lobjectif\\\/#article\",\"isPartOf\":{\"@id\":\"https:\\\/\\\/www.batirente.com\\\/en\\\/le-chaud-et-le-froid-garder-loeil-sur-lobjectif\\\/\"},\"author\":{\"name\":\"B\u00e2tirente\",\"@id\":\"https:\\\/\\\/www.batirente.com\\\/#\\\/schema\\\/person\\\/b4b3fd742d0864b1c7ec75612c810152\"},\"headline\":\"Le chaud et le froid : garder l\u2019\u0153il sur l\u2019objectif\",\"datePublished\":\"2019-01-15T16:56:07+00:00\",\"dateModified\":\"2019-01-25T20:23:28+00:00\",\"mainEntityOfPage\":{\"@id\":\"https:\\\/\\\/www.batirente.com\\\/en\\\/le-chaud-et-le-froid-garder-loeil-sur-lobjectif\\\/\"},\"wordCount\":490,\"publisher\":{\"@id\":\"https:\\\/\\\/www.batirente.com\\\/#organization\"},\"articleSection\":[\"Press Releases\"],\"inLanguage\":\"en-US\"},{\"@type\":\"WebPage\",\"@id\":\"https:\\\/\\\/www.batirente.com\\\/en\\\/le-chaud-et-le-froid-garder-loeil-sur-lobjectif\\\/\",\"url\":\"https:\\\/\\\/www.batirente.com\\\/en\\\/le-chaud-et-le-froid-garder-loeil-sur-lobjectif\\\/\",\"name\":\"Le chaud et le froid : garder l\u2019\u0153il sur l\u2019objectif - B\u00e2tirente\",\"isPartOf\":{\"@id\":\"https:\\\/\\\/www.batirente.com\\\/#website\"},\"datePublished\":\"2019-01-15T16:56:07+00:00\",\"dateModified\":\"2019-01-25T20:23:28+00:00\",\"breadcrumb\":{\"@id\":\"https:\\\/\\\/www.batirente.com\\\/en\\\/le-chaud-et-le-froid-garder-loeil-sur-lobjectif\\\/#breadcrumb\"},\"inLanguage\":\"en-US\",\"potentialAction\":[{\"@type\":\"ReadAction\",\"target\":[\"https:\\\/\\\/www.batirente.com\\\/en\\\/le-chaud-et-le-froid-garder-loeil-sur-lobjectif\\\/\"]}]},{\"@type\":\"BreadcrumbList\",\"@id\":\"https:\\\/\\\/www.batirente.com\\\/en\\\/le-chaud-et-le-froid-garder-loeil-sur-lobjectif\\\/#breadcrumb\",\"itemListElement\":[{\"@type\":\"ListItem\",\"position\":1,\"name\":\"Accueil\",\"item\":\"https:\\\/\\\/www.batirente.com\\\/en\\\/\"},{\"@type\":\"ListItem\",\"position\":2,\"name\":\"Le chaud et le froid : garder l\u2019\u0153il sur l\u2019objectif\"}]},{\"@type\":\"WebSite\",\"@id\":\"https:\\\/\\\/www.batirente.com\\\/#website\",\"url\":\"https:\\\/\\\/www.batirente.com\\\/\",\"name\":\"B\u00e2tirente\",\"description\":\"Ma retraite. Notre force.\",\"publisher\":{\"@id\":\"https:\\\/\\\/www.batirente.com\\\/#organization\"},\"potentialAction\":[{\"@type\":\"SearchAction\",\"target\":{\"@type\":\"EntryPoint\",\"urlTemplate\":\"https:\\\/\\\/www.batirente.com\\\/?s={search_term_string}\"},\"query-input\":{\"@type\":\"PropertyValueSpecification\",\"valueRequired\":true,\"valueName\":\"search_term_string\"}}],\"inLanguage\":\"en-US\"},{\"@type\":\"Organization\",\"@id\":\"https:\\\/\\\/www.batirente.com\\\/#organization\",\"name\":\"B\u00e2tirente\",\"url\":\"https:\\\/\\\/www.batirente.com\\\/\",\"logo\":{\"@type\":\"ImageObject\",\"inLanguage\":\"en-US\",\"@id\":\"https:\\\/\\\/www.batirente.com\\\/#\\\/schema\\\/logo\\\/image\\\/\",\"url\":\"https:\\\/\\\/www.batirente.com\\\/wp-content\\\/uploads\\\/2019\\\/01\\\/2017-logo.jpg\",\"contentUrl\":\"https:\\\/\\\/www.batirente.com\\\/wp-content\\\/uploads\\\/2019\\\/01\\\/2017-logo.jpg\",\"width\":750,\"height\":450,\"caption\":\"B\u00e2tirente\"},\"image\":{\"@id\":\"https:\\\/\\\/www.batirente.com\\\/#\\\/schema\\\/logo\\\/image\\\/\"},\"sameAs\":[\"https:\\\/\\\/www.facebook.com\\\/batirente\\\/\",\"https:\\\/\\\/x.com\\\/Batirente\",\"https:\\\/\\\/www.linkedin.com\\\/company\\\/batirente\"]},{\"@type\":\"Person\",\"@id\":\"https:\\\/\\\/www.batirente.com\\\/#\\\/schema\\\/person\\\/b4b3fd742d0864b1c7ec75612c810152\",\"name\":\"B\u00e2tirente\"}]}<\/script>\n<!-- \/ Yoast SEO plugin. -->","yoast_head_json":{"title":"Le chaud et le froid : garder l\u2019\u0153il sur l\u2019objectif - B\u00e2tirente","robots":{"index":"index","follow":"follow","max-snippet":"max-snippet:-1","max-image-preview":"max-image-preview:large","max-video-preview":"max-video-preview:-1"},"canonical":"https:\/\/www.batirente.com\/en\/le-chaud-et-le-froid-garder-loeil-sur-lobjectif\/","og_locale":"en_US","og_type":"article","og_title":"Le chaud et le froid : garder l\u2019\u0153il sur l\u2019objectif - B\u00e2tirente","og_description":"Au cours des derniers mois, plusieurs \u00e9v\u00e9nements susceptibles d\u2019affecter l\u2019\u00e9conomie ont fait les manchettes. C\u2019est le cas ces derniers jours des nouvelles \u00e9conomiques canadiennes et de la hausse des taux d\u2019int\u00e9r\u00eat.","og_url":"https:\/\/www.batirente.com\/en\/le-chaud-et-le-froid-garder-loeil-sur-lobjectif\/","og_site_name":"B\u00e2tirente","article_publisher":"https:\/\/www.facebook.com\/batirente\/","article_published_time":"2019-01-15T16:56:07+00:00","article_modified_time":"2019-01-25T20:23:28+00:00","author":"B\u00e2tirente","twitter_card":"summary_large_image","twitter_creator":"@Batirente","twitter_site":"@Batirente","twitter_misc":{"Written by":"B\u00e2tirente","Est. reading time":"2 minutes"},"schema":{"@context":"https:\/\/schema.org","@graph":[{"@type":"Article","@id":"https:\/\/www.batirente.com\/en\/le-chaud-et-le-froid-garder-loeil-sur-lobjectif\/#article","isPartOf":{"@id":"https:\/\/www.batirente.com\/en\/le-chaud-et-le-froid-garder-loeil-sur-lobjectif\/"},"author":{"name":"B\u00e2tirente","@id":"https:\/\/www.batirente.com\/#\/schema\/person\/b4b3fd742d0864b1c7ec75612c810152"},"headline":"Le chaud et le froid : garder l\u2019\u0153il sur l\u2019objectif","datePublished":"2019-01-15T16:56:07+00:00","dateModified":"2019-01-25T20:23:28+00:00","mainEntityOfPage":{"@id":"https:\/\/www.batirente.com\/en\/le-chaud-et-le-froid-garder-loeil-sur-lobjectif\/"},"wordCount":490,"publisher":{"@id":"https:\/\/www.batirente.com\/#organization"},"articleSection":["Press Releases"],"inLanguage":"en-US"},{"@type":"WebPage","@id":"https:\/\/www.batirente.com\/en\/le-chaud-et-le-froid-garder-loeil-sur-lobjectif\/","url":"https:\/\/www.batirente.com\/en\/le-chaud-et-le-froid-garder-loeil-sur-lobjectif\/","name":"Le chaud et le froid : garder l\u2019\u0153il sur l\u2019objectif - B\u00e2tirente","isPartOf":{"@id":"https:\/\/www.batirente.com\/#website"},"datePublished":"2019-01-15T16:56:07+00:00","dateModified":"2019-01-25T20:23:28+00:00","breadcrumb":{"@id":"https:\/\/www.batirente.com\/en\/le-chaud-et-le-froid-garder-loeil-sur-lobjectif\/#breadcrumb"},"inLanguage":"en-US","potentialAction":[{"@type":"ReadAction","target":["https:\/\/www.batirente.com\/en\/le-chaud-et-le-froid-garder-loeil-sur-lobjectif\/"]}]},{"@type":"BreadcrumbList","@id":"https:\/\/www.batirente.com\/en\/le-chaud-et-le-froid-garder-loeil-sur-lobjectif\/#breadcrumb","itemListElement":[{"@type":"ListItem","position":1,"name":"Accueil","item":"https:\/\/www.batirente.com\/en\/"},{"@type":"ListItem","position":2,"name":"Le chaud et le froid : garder l\u2019\u0153il sur l\u2019objectif"}]},{"@type":"WebSite","@id":"https:\/\/www.batirente.com\/#website","url":"https:\/\/www.batirente.com\/","name":"B\u00e2tirente","description":"Ma retraite. Notre force.","publisher":{"@id":"https:\/\/www.batirente.com\/#organization"},"potentialAction":[{"@type":"SearchAction","target":{"@type":"EntryPoint","urlTemplate":"https:\/\/www.batirente.com\/?s={search_term_string}"},"query-input":{"@type":"PropertyValueSpecification","valueRequired":true,"valueName":"search_term_string"}}],"inLanguage":"en-US"},{"@type":"Organization","@id":"https:\/\/www.batirente.com\/#organization","name":"B\u00e2tirente","url":"https:\/\/www.batirente.com\/","logo":{"@type":"ImageObject","inLanguage":"en-US","@id":"https:\/\/www.batirente.com\/#\/schema\/logo\/image\/","url":"https:\/\/www.batirente.com\/wp-content\/uploads\/2019\/01\/2017-logo.jpg","contentUrl":"https:\/\/www.batirente.com\/wp-content\/uploads\/2019\/01\/2017-logo.jpg","width":750,"height":450,"caption":"B\u00e2tirente"},"image":{"@id":"https:\/\/www.batirente.com\/#\/schema\/logo\/image\/"},"sameAs":["https:\/\/www.facebook.com\/batirente\/","https:\/\/x.com\/Batirente","https:\/\/www.linkedin.com\/company\/batirente"]},{"@type":"Person","@id":"https:\/\/www.batirente.com\/#\/schema\/person\/b4b3fd742d0864b1c7ec75612c810152","name":"B\u00e2tirente"}]}},"_links":{"self":[{"href":"https:\/\/www.batirente.com\/en\/wp-json\/wp\/v2\/posts\/921","targetHints":{"allow":["GET"]}}],"collection":[{"href":"https:\/\/www.batirente.com\/en\/wp-json\/wp\/v2\/posts"}],"about":[{"href":"https:\/\/www.batirente.com\/en\/wp-json\/wp\/v2\/types\/post"}],"author":[{"embeddable":true,"href":"https:\/\/www.batirente.com\/en\/wp-json\/wp\/v2\/users\/4"}],"replies":[{"embeddable":true,"href":"https:\/\/www.batirente.com\/en\/wp-json\/wp\/v2\/comments?post=921"}],"version-history":[{"count":0,"href":"https:\/\/www.batirente.com\/en\/wp-json\/wp\/v2\/posts\/921\/revisions"}],"wp:attachment":[{"href":"https:\/\/www.batirente.com\/en\/wp-json\/wp\/v2\/media?parent=921"}],"wp:term":[{"taxonomy":"category","embeddable":true,"href":"https:\/\/www.batirente.com\/en\/wp-json\/wp\/v2\/categories?post=921"},{"taxonomy":"post_tag","embeddable":true,"href":"https:\/\/www.batirente.com\/en\/wp-json\/wp\/v2\/tags?post=921"}],"curies":[{"name":"wp","href":"https:\/\/api.w.org\/{rel}","templated":true}]}}